{"id":202,"date":"2016-08-25T18:41:42","date_gmt":"2016-08-25T16:41:42","guid":{"rendered":"http:\/\/www.buchau.be\/recettes\/?p=202"},"modified":"2016-08-25T19:40:58","modified_gmt":"2016-08-25T17:40:58","slug":"pates-aux-scampis","status":"publish","type":"post","link":"https:\/\/www.buchau.be\/recettes\/2016\/08\/25\/pates-aux-scampis\/","title":{"rendered":"P\u00e2tes aux scampis"},"content":{"rendered":"<p><em><span style=\"color: #000080;\">Beno\u00eet m&rsquo;a montr\u00e9 la vid\u00e9o d&rsquo;une recette sur internet. Apr\u00e8s quelques modifications et les conseils avis\u00e9s de notre cousine Isabelle, voici le r\u00e9sultat :<\/span><\/em><\/p>\n<p>&nbsp;<\/p>\n<p><em>Dur\u00e9e : 20 minutes<\/em><\/p>\n<p><em>Niveau : facile<\/em><\/p>\n<p>&nbsp;<\/p>\n<h4>Ingr\u00e9dients<\/h4>\n<ul>\n<li>des scampis<\/li>\n<li>1 ou 2 cuillers \u00e0 soupe de mascarpone (<em><span style=\"color: #000080;\">conseil d&rsquo;Isabelle<\/span><\/em>)<\/li>\n<li>des p\u00e2tes fra\u00eeches<\/li>\n<li>2 ou 3 gousses d&rsquo;ail<\/li>\n<li>du parmesan \u00e0 r\u00e2per<\/li>\n<li>1 poign\u00e9e d&rsquo;\u00e9pinards par personnes, lav\u00e9s et essor\u00e9s<\/li>\n<li>des tomates cerises pour la couleur<\/li>\n<li>quelques feuilles de basilic<\/li>\n<li>de l&rsquo;origan<\/li>\n<li>de l&rsquo;huile d&rsquo;olive<\/li>\n<\/ul>\n<div data-carousel-extra='{\"blog_id\":1,\"permalink\":\"https:\\\/\\\/www.buchau.be\\\/recettes\\\/2016\\\/08\\\/25\\\/pates-aux-scampis\\\/\"}' class=\"tiled-gallery type-rectangular\" data-original-width=\"1170\"><div class=\"gallery-row\" style=\"width: 1165px; height: 831px;\"><div class=\"gallery-group images-1\" style=\"width: 1165px; height: 835px;\"><div class=\"tiled-gallery-item tiled-gallery-item-medium\"><a href=\"https:\/\/www.buchau.be\/recettes\/wp-content\/uploads\/2016\/08\/20160823_114918-1-1.jpg\"><img loading=\"lazy\" decoding=\"async\" data-attachment-id=\"205\" data-orig-file=\"https:\/\/www.buchau.be\/recettes\/wp-content\/uploads\/2016\/08\/20160823_114918-1-1.jpg\" data-orig-size=\"1000,716\" data-comments-opened=\"1\" data-image-meta=\"{&quot;aperture&quot;:&quot;2.2&quot;,&quot;credit&quot;:&quot;&quot;,&quot;camera&quot;:&quot;GT-I9505&quot;,&quot;caption&quot;:&quot;&quot;,&quot;created_timestamp&quot;:&quot;0&quot;,&quot;copyright&quot;:&quot;&quot;,&quot;focal_length&quot;:&quot;4.2&quot;,&quot;iso&quot;:&quot;50&quot;,&quot;shutter_speed&quot;:&quot;0.0060240963855422&quot;,&quot;title&quot;:&quot;&quot;,&quot;orientation&quot;:&quot;0&quot;}\" data-image-title=\"20160823_114918-1\" data-image-description=\"\" data-medium-file=\"https:\/\/www.buchau.be\/recettes\/wp-content\/uploads\/2016\/08\/20160823_114918-1-1-300x215.jpg\" data-large-file=\"https:\/\/www.buchau.be\/recettes\/wp-content\/uploads\/2016\/08\/20160823_114918-1-1.jpg\" src=\"https:\/\/www.buchau.be\/recettes\/wp-content\/uploads\/2016\/08\/20160823_114918-1-1-300x215.jpg\" width=\"1161\" height=\"831\" align=\"left\" title=\"20160823_114918-1\" \/><\/a><\/div><\/div><\/div><\/div>\n<h4><\/h4>\n<p>&nbsp;<\/p>\n<h4>Recette<\/h4>\n<p>Mettre une casserole d&rsquo;eau \u00e0 bouillir pour les p\u00e2tes<\/p>\n<p>En attendant, r\u00e2per le parmesan, presser l&rsquo;ail et le\/les citron\/s<\/p>\n<div data-carousel-extra='{\"blog_id\":1,\"permalink\":\"https:\\\/\\\/www.buchau.be\\\/recettes\\\/2016\\\/08\\\/25\\\/pates-aux-scampis\\\/\"}' class=\"tiled-gallery type-rectangular\" data-original-width=\"1170\"><div class=\"gallery-row\" style=\"width: 1165px; height: 216px;\"><div class=\"gallery-group images-1\" style=\"width: 389px; height: 220px;\"><div class=\"tiled-gallery-item tiled-gallery-item-medium\"><a href=\"https:\/\/www.buchau.be\/recettes\/wp-content\/uploads\/2016\/08\/20160823_115240.jpg\"><img loading=\"lazy\" decoding=\"async\" data-attachment-id=\"206\" data-orig-file=\"https:\/\/www.buchau.be\/recettes\/wp-content\/uploads\/2016\/08\/20160823_115240.jpg\" data-orig-size=\"1000,562\" data-comments-opened=\"1\" data-image-meta=\"{&quot;aperture&quot;:&quot;2.2&quot;,&quot;credit&quot;:&quot;&quot;,&quot;camera&quot;:&quot;GT-I9505&quot;,&quot;caption&quot;:&quot;&quot;,&quot;created_timestamp&quot;:&quot;1471953160&quot;,&quot;copyright&quot;:&quot;&quot;,&quot;focal_length&quot;:&quot;4.2&quot;,&quot;iso&quot;:&quot;64&quot;,&quot;shutter_speed&quot;:&quot;0.01&quot;,&quot;title&quot;:&quot;&quot;,&quot;orientation&quot;:&quot;1&quot;}\" data-image-title=\"20160823_115240\" data-image-description=\"\" data-medium-file=\"https:\/\/www.buchau.be\/recettes\/wp-content\/uploads\/2016\/08\/20160823_115240-300x169.jpg\" data-large-file=\"https:\/\/www.buchau.be\/recettes\/wp-content\/uploads\/2016\/08\/20160823_115240.jpg\" src=\"https:\/\/www.buchau.be\/recettes\/wp-content\/uploads\/2016\/08\/20160823_115240-300x169.jpg\" width=\"385\" height=\"216\" align=\"left\" title=\"20160823_115240\" \/><\/a><\/div><\/div><div class=\"gallery-group images-1\" style=\"width: 388px; height: 220px;\"><div class=\"tiled-gallery-item tiled-gallery-item-medium\"><a href=\"https:\/\/www.buchau.be\/recettes\/wp-content\/uploads\/2016\/08\/20160823_115344.jpg\"><img loading=\"lazy\" decoding=\"async\" data-attachment-id=\"207\" data-orig-file=\"https:\/\/www.buchau.be\/recettes\/wp-content\/uploads\/2016\/08\/20160823_115344.jpg\" data-orig-size=\"1000,562\" data-comments-opened=\"1\" data-image-meta=\"{&quot;aperture&quot;:&quot;2.2&quot;,&quot;credit&quot;:&quot;&quot;,&quot;camera&quot;:&quot;GT-I9505&quot;,&quot;caption&quot;:&quot;&quot;,&quot;created_timestamp&quot;:&quot;1471953224&quot;,&quot;copyright&quot;:&quot;&quot;,&quot;focal_length&quot;:&quot;4.2&quot;,&quot;iso&quot;:&quot;50&quot;,&quot;shutter_speed&quot;:&quot;0.0076923076923077&quot;,&quot;title&quot;:&quot;&quot;,&quot;orientation&quot;:&quot;1&quot;}\" data-image-title=\"20160823_115344\" data-image-description=\"\" data-medium-file=\"https:\/\/www.buchau.be\/recettes\/wp-content\/uploads\/2016\/08\/20160823_115344-300x169.jpg\" data-large-file=\"https:\/\/www.buchau.be\/recettes\/wp-content\/uploads\/2016\/08\/20160823_115344.jpg\" src=\"https:\/\/www.buchau.be\/recettes\/wp-content\/uploads\/2016\/08\/20160823_115344-300x169.jpg\" width=\"384\" height=\"216\" align=\"left\" title=\"20160823_115344\" \/><\/a><\/div><\/div><div class=\"gallery-group images-1\" style=\"width: 388px; height: 220px;\"><div class=\"tiled-gallery-item tiled-gallery-item-medium\"><a href=\"https:\/\/www.buchau.be\/recettes\/wp-content\/uploads\/2016\/08\/20160823_114801.jpg\"><img loading=\"lazy\" decoding=\"async\" data-attachment-id=\"208\" data-orig-file=\"https:\/\/www.buchau.be\/recettes\/wp-content\/uploads\/2016\/08\/20160823_114801.jpg\" data-orig-size=\"1000,562\" data-comments-opened=\"1\" data-image-meta=\"{&quot;aperture&quot;:&quot;2.2&quot;,&quot;credit&quot;:&quot;&quot;,&quot;camera&quot;:&quot;GT-I9505&quot;,&quot;caption&quot;:&quot;&quot;,&quot;created_timestamp&quot;:&quot;1471952881&quot;,&quot;copyright&quot;:&quot;&quot;,&quot;focal_length&quot;:&quot;4.2&quot;,&quot;iso&quot;:&quot;50&quot;,&quot;shutter_speed&quot;:&quot;0.0071428571428571&quot;,&quot;title&quot;:&quot;&quot;,&quot;orientation&quot;:&quot;1&quot;}\" data-image-title=\"20160823_114801\" data-image-description=\"\" data-medium-file=\"https:\/\/www.buchau.be\/recettes\/wp-content\/uploads\/2016\/08\/20160823_114801-300x169.jpg\" data-large-file=\"https:\/\/www.buchau.be\/recettes\/wp-content\/uploads\/2016\/08\/20160823_114801.jpg\" src=\"https:\/\/www.buchau.be\/recettes\/wp-content\/uploads\/2016\/08\/20160823_114801-300x169.jpg\" width=\"384\" height=\"216\" align=\"left\" title=\"20160823_114801\" \/><\/a><\/div><\/div><\/div><div class=\"gallery-row\" style=\"width: 1165px; height: 1135px;\"><div class=\"gallery-group images-1\" style=\"width: 1165px; height: 1139px;\"><div class=\"tiled-gallery-item tiled-gallery-item-medium\"><a href=\"https:\/\/www.buchau.be\/recettes\/wp-content\/uploads\/2016\/08\/20160823_115146-1.jpg\"><img loading=\"lazy\" decoding=\"async\" data-attachment-id=\"209\" data-orig-file=\"https:\/\/www.buchau.be\/recettes\/wp-content\/uploads\/2016\/08\/20160823_115146-1.jpg\" data-orig-size=\"1000,978\" data-comments-opened=\"1\" data-image-meta=\"{&quot;aperture&quot;:&quot;2.2&quot;,&quot;credit&quot;:&quot;&quot;,&quot;camera&quot;:&quot;GT-I9505&quot;,&quot;caption&quot;:&quot;&quot;,&quot;created_timestamp&quot;:&quot;0&quot;,&quot;copyright&quot;:&quot;&quot;,&quot;focal_length&quot;:&quot;4.2&quot;,&quot;iso&quot;:&quot;50&quot;,&quot;shutter_speed&quot;:&quot;0.0063694267515924&quot;,&quot;title&quot;:&quot;&quot;,&quot;orientation&quot;:&quot;0&quot;}\" data-image-title=\"20160823_115146-1\" data-image-description=\"\" data-medium-file=\"https:\/\/www.buchau.be\/recettes\/wp-content\/uploads\/2016\/08\/20160823_115146-1-300x293.jpg\" data-large-file=\"https:\/\/www.buchau.be\/recettes\/wp-content\/uploads\/2016\/08\/20160823_115146-1.jpg\" src=\"https:\/\/www.buchau.be\/recettes\/wp-content\/uploads\/2016\/08\/20160823_115146-1-300x293.jpg\" width=\"1161\" height=\"1135\" align=\"left\" title=\"20160823_115146-1\" \/><\/a><\/div><\/div><\/div><\/div>\n<p>M\u00e9langer les scampis et l&rsquo;ail press\u00e9.<\/p>\n<p>Faire chauffer un peu d&rsquo;huile d&rsquo;olive et faire revenir les scampis avec un peu d&rsquo;origan.<\/p>\n<div data-carousel-extra='{\"blog_id\":1,\"permalink\":\"https:\\\/\\\/www.buchau.be\\\/recettes\\\/2016\\\/08\\\/25\\\/pates-aux-scampis\\\/\"}' class=\"tiled-gallery type-rectangular\" data-original-width=\"1170\"><div class=\"gallery-row\" style=\"width: 1165px; height: 325px;\"><div class=\"gallery-group images-1\" style=\"width: 583px; height: 329px;\"><div class=\"tiled-gallery-item tiled-gallery-item-medium\"><a href=\"https:\/\/www.buchau.be\/recettes\/wp-content\/uploads\/2016\/08\/20160823_115439.jpg\"><img loading=\"lazy\" decoding=\"async\" data-attachment-id=\"211\" data-orig-file=\"https:\/\/www.buchau.be\/recettes\/wp-content\/uploads\/2016\/08\/20160823_115439.jpg\" data-orig-size=\"1000,562\" data-comments-opened=\"1\" data-image-meta=\"{&quot;aperture&quot;:&quot;2.2&quot;,&quot;credit&quot;:&quot;&quot;,&quot;camera&quot;:&quot;GT-I9505&quot;,&quot;caption&quot;:&quot;&quot;,&quot;created_timestamp&quot;:&quot;1471953279&quot;,&quot;copyright&quot;:&quot;&quot;,&quot;focal_length&quot;:&quot;4.2&quot;,&quot;iso&quot;:&quot;64&quot;,&quot;shutter_speed&quot;:&quot;0.02&quot;,&quot;title&quot;:&quot;&quot;,&quot;orientation&quot;:&quot;1&quot;}\" data-image-title=\"20160823_115439\" data-image-description=\"\" data-medium-file=\"https:\/\/www.buchau.be\/recettes\/wp-content\/uploads\/2016\/08\/20160823_115439-300x169.jpg\" data-large-file=\"https:\/\/www.buchau.be\/recettes\/wp-content\/uploads\/2016\/08\/20160823_115439.jpg\" src=\"https:\/\/www.buchau.be\/recettes\/wp-content\/uploads\/2016\/08\/20160823_115439-300x169.jpg\" width=\"579\" height=\"325\" align=\"left\" title=\"20160823_115439\" \/><\/a><\/div><\/div><div class=\"gallery-group images-1\" style=\"width: 582px; height: 329px;\"><div class=\"tiled-gallery-item tiled-gallery-item-medium\"><a href=\"https:\/\/www.buchau.be\/recettes\/wp-content\/uploads\/2016\/08\/20160823_115555.jpg\"><img loading=\"lazy\" decoding=\"async\" data-attachment-id=\"210\" data-orig-file=\"https:\/\/www.buchau.be\/recettes\/wp-content\/uploads\/2016\/08\/20160823_115555.jpg\" data-orig-size=\"1000,562\" data-comments-opened=\"1\" data-image-meta=\"{&quot;aperture&quot;:&quot;2.2&quot;,&quot;credit&quot;:&quot;&quot;,&quot;camera&quot;:&quot;GT-I9505&quot;,&quot;caption&quot;:&quot;&quot;,&quot;created_timestamp&quot;:&quot;1471953354&quot;,&quot;copyright&quot;:&quot;&quot;,&quot;focal_length&quot;:&quot;4.2&quot;,&quot;iso&quot;:&quot;64&quot;,&quot;shutter_speed&quot;:&quot;0.02&quot;,&quot;title&quot;:&quot;&quot;,&quot;orientation&quot;:&quot;1&quot;}\" data-image-title=\"20160823_115555\" data-image-description=\"\" data-medium-file=\"https:\/\/www.buchau.be\/recettes\/wp-content\/uploads\/2016\/08\/20160823_115555-300x169.jpg\" data-large-file=\"https:\/\/www.buchau.be\/recettes\/wp-content\/uploads\/2016\/08\/20160823_115555.jpg\" src=\"https:\/\/www.buchau.be\/recettes\/wp-content\/uploads\/2016\/08\/20160823_115555-300x169.jpg\" width=\"578\" height=\"325\" align=\"left\" title=\"20160823_115555\" \/><\/a><\/div><\/div><\/div><\/div>\n<p>Faire cuire les p\u00e2tes le temps indiqu\u00e9 sur le paquet (ici : 2 minutes), \u00e9goutter et r\u00e9server.<\/p>\n<div data-carousel-extra='{\"blog_id\":1,\"permalink\":\"https:\\\/\\\/www.buchau.be\\\/recettes\\\/2016\\\/08\\\/25\\\/pates-aux-scampis\\\/\"}' class=\"tiled-gallery type-rectangular\" data-original-width=\"1170\"><div class=\"gallery-row\" style=\"width: 1165px; height: 325px;\"><div class=\"gallery-group images-1\" style=\"width: 583px; height: 329px;\"><div class=\"tiled-gallery-item tiled-gallery-item-medium\"><a href=\"https:\/\/www.buchau.be\/recettes\/wp-content\/uploads\/2016\/08\/20160823_115759.jpg\"><img loading=\"lazy\" decoding=\"async\" data-attachment-id=\"212\" data-orig-file=\"https:\/\/www.buchau.be\/recettes\/wp-content\/uploads\/2016\/08\/20160823_115759.jpg\" data-orig-size=\"1000,562\" data-comments-opened=\"1\" data-image-meta=\"{&quot;aperture&quot;:&quot;2.2&quot;,&quot;credit&quot;:&quot;&quot;,&quot;camera&quot;:&quot;GT-I9505&quot;,&quot;caption&quot;:&quot;&quot;,&quot;created_timestamp&quot;:&quot;1471953478&quot;,&quot;copyright&quot;:&quot;&quot;,&quot;focal_length&quot;:&quot;4.2&quot;,&quot;iso&quot;:&quot;64&quot;,&quot;shutter_speed&quot;:&quot;0.01&quot;,&quot;title&quot;:&quot;&quot;,&quot;orientation&quot;:&quot;1&quot;}\" data-image-title=\"20160823_115759\" data-image-description=\"\" data-medium-file=\"https:\/\/www.buchau.be\/recettes\/wp-content\/uploads\/2016\/08\/20160823_115759-300x169.jpg\" data-large-file=\"https:\/\/www.buchau.be\/recettes\/wp-content\/uploads\/2016\/08\/20160823_115759.jpg\" src=\"https:\/\/www.buchau.be\/recettes\/wp-content\/uploads\/2016\/08\/20160823_115759-300x169.jpg\" width=\"579\" height=\"325\" align=\"left\" title=\"20160823_115759\" \/><\/a><\/div><\/div><div class=\"gallery-group images-1\" style=\"width: 582px; height: 329px;\"><div class=\"tiled-gallery-item tiled-gallery-item-medium\"><a href=\"https:\/\/www.buchau.be\/recettes\/wp-content\/uploads\/2016\/08\/20160823_120050.jpg\"><img loading=\"lazy\" decoding=\"async\" data-attachment-id=\"215\" data-orig-file=\"https:\/\/www.buchau.be\/recettes\/wp-content\/uploads\/2016\/08\/20160823_120050.jpg\" data-orig-size=\"1000,562\" data-comments-opened=\"1\" data-image-meta=\"{&quot;aperture&quot;:&quot;2.2&quot;,&quot;credit&quot;:&quot;&quot;,&quot;camera&quot;:&quot;GT-I9505&quot;,&quot;caption&quot;:&quot;&quot;,&quot;created_timestamp&quot;:&quot;1471953649&quot;,&quot;copyright&quot;:&quot;&quot;,&quot;focal_length&quot;:&quot;4.2&quot;,&quot;iso&quot;:&quot;100&quot;,&quot;shutter_speed&quot;:&quot;0.01&quot;,&quot;title&quot;:&quot;&quot;,&quot;orientation&quot;:&quot;1&quot;}\" data-image-title=\"20160823_120050\" data-image-description=\"\" data-medium-file=\"https:\/\/www.buchau.be\/recettes\/wp-content\/uploads\/2016\/08\/20160823_120050-300x169.jpg\" data-large-file=\"https:\/\/www.buchau.be\/recettes\/wp-content\/uploads\/2016\/08\/20160823_120050.jpg\" src=\"https:\/\/www.buchau.be\/recettes\/wp-content\/uploads\/2016\/08\/20160823_120050-300x169.jpg\" width=\"578\" height=\"325\" align=\"left\" title=\"20160823_120050\" \/><\/a><\/div><\/div><\/div><\/div>\n<p>Ajouter les \u00e9pinards aux scampis avec le jus de citron<\/p>\n<div data-carousel-extra='{\"blog_id\":1,\"permalink\":\"https:\\\/\\\/www.buchau.be\\\/recettes\\\/2016\\\/08\\\/25\\\/pates-aux-scampis\\\/\"}' class=\"tiled-gallery type-rectangular\" data-original-width=\"1170\"><div class=\"gallery-row\" style=\"width: 1165px; height: 325px;\"><div class=\"gallery-group images-1\" style=\"width: 583px; height: 329px;\"><div class=\"tiled-gallery-item tiled-gallery-item-medium\"><a href=\"https:\/\/www.buchau.be\/recettes\/wp-content\/uploads\/2016\/08\/20160823_115708.jpg\"><img loading=\"lazy\" decoding=\"async\" data-attachment-id=\"214\" data-orig-file=\"https:\/\/www.buchau.be\/recettes\/wp-content\/uploads\/2016\/08\/20160823_115708.jpg\" data-orig-size=\"1000,562\" data-comments-opened=\"1\" data-image-meta=\"{&quot;aperture&quot;:&quot;2.2&quot;,&quot;credit&quot;:&quot;&quot;,&quot;camera&quot;:&quot;GT-I9505&quot;,&quot;caption&quot;:&quot;&quot;,&quot;created_timestamp&quot;:&quot;1471953428&quot;,&quot;copyright&quot;:&quot;&quot;,&quot;focal_length&quot;:&quot;4.2&quot;,&quot;iso&quot;:&quot;64&quot;,&quot;shutter_speed&quot;:&quot;0.03030303030303&quot;,&quot;title&quot;:&quot;&quot;,&quot;orientation&quot;:&quot;1&quot;}\" data-image-title=\"20160823_115708\" data-image-description=\"\" data-medium-file=\"https:\/\/www.buchau.be\/recettes\/wp-content\/uploads\/2016\/08\/20160823_115708-300x169.jpg\" data-large-file=\"https:\/\/www.buchau.be\/recettes\/wp-content\/uploads\/2016\/08\/20160823_115708.jpg\" src=\"https:\/\/www.buchau.be\/recettes\/wp-content\/uploads\/2016\/08\/20160823_115708-300x169.jpg\" width=\"579\" height=\"325\" align=\"left\" title=\"20160823_115708\" \/><\/a><\/div><\/div><div class=\"gallery-group images-1\" style=\"width: 582px; height: 329px;\"><div class=\"tiled-gallery-item tiled-gallery-item-medium\"><a href=\"https:\/\/www.buchau.be\/recettes\/wp-content\/uploads\/2016\/08\/20160823_115802.jpg\"><img loading=\"lazy\" decoding=\"async\" data-attachment-id=\"213\" data-orig-file=\"https:\/\/www.buchau.be\/recettes\/wp-content\/uploads\/2016\/08\/20160823_115802.jpg\" data-orig-size=\"1000,562\" data-comments-opened=\"1\" data-image-meta=\"{&quot;aperture&quot;:&quot;2.2&quot;,&quot;credit&quot;:&quot;&quot;,&quot;camera&quot;:&quot;GT-I9505&quot;,&quot;caption&quot;:&quot;&quot;,&quot;created_timestamp&quot;:&quot;1471953481&quot;,&quot;copyright&quot;:&quot;&quot;,&quot;focal_length&quot;:&quot;4.2&quot;,&quot;iso&quot;:&quot;64&quot;,&quot;shutter_speed&quot;:&quot;0.03030303030303&quot;,&quot;title&quot;:&quot;&quot;,&quot;orientation&quot;:&quot;1&quot;}\" data-image-title=\"20160823_115802\" data-image-description=\"\" data-medium-file=\"https:\/\/www.buchau.be\/recettes\/wp-content\/uploads\/2016\/08\/20160823_115802-300x169.jpg\" data-large-file=\"https:\/\/www.buchau.be\/recettes\/wp-content\/uploads\/2016\/08\/20160823_115802.jpg\" src=\"https:\/\/www.buchau.be\/recettes\/wp-content\/uploads\/2016\/08\/20160823_115802-300x169.jpg\" width=\"578\" height=\"325\" align=\"left\" title=\"20160823_115802\" \/><\/a><\/div><\/div><\/div><\/div>\n<p>Ajouter les p\u00e2tes et le mascarpone<\/p>\n<div data-carousel-extra='{\"blog_id\":1,\"permalink\":\"https:\\\/\\\/www.buchau.be\\\/recettes\\\/2016\\\/08\\\/25\\\/pates-aux-scampis\\\/\"}' class=\"tiled-gallery type-rectangular\" data-original-width=\"1170\"><div class=\"gallery-row\" style=\"width: 1165px; height: 325px;\"><div class=\"gallery-group images-1\" style=\"width: 583px; height: 329px;\"><div class=\"tiled-gallery-item tiled-gallery-item-medium\"><a href=\"https:\/\/www.buchau.be\/recettes\/wp-content\/uploads\/2016\/08\/20160823_120125.jpg\"><img loading=\"lazy\" decoding=\"async\" data-attachment-id=\"217\" data-orig-file=\"https:\/\/www.buchau.be\/recettes\/wp-content\/uploads\/2016\/08\/20160823_120125.jpg\" data-orig-size=\"1000,562\" data-comments-opened=\"1\" data-image-meta=\"{&quot;aperture&quot;:&quot;2.2&quot;,&quot;credit&quot;:&quot;&quot;,&quot;camera&quot;:&quot;GT-I9505&quot;,&quot;caption&quot;:&quot;&quot;,&quot;created_timestamp&quot;:&quot;1471953684&quot;,&quot;copyright&quot;:&quot;&quot;,&quot;focal_length&quot;:&quot;4.2&quot;,&quot;iso&quot;:&quot;80&quot;,&quot;shutter_speed&quot;:&quot;0.01&quot;,&quot;title&quot;:&quot;&quot;,&quot;orientation&quot;:&quot;1&quot;}\" data-image-title=\"20160823_120125\" data-image-description=\"\" data-medium-file=\"https:\/\/www.buchau.be\/recettes\/wp-content\/uploads\/2016\/08\/20160823_120125-300x169.jpg\" data-large-file=\"https:\/\/www.buchau.be\/recettes\/wp-content\/uploads\/2016\/08\/20160823_120125.jpg\" src=\"https:\/\/www.buchau.be\/recettes\/wp-content\/uploads\/2016\/08\/20160823_120125-300x169.jpg\" width=\"579\" height=\"325\" align=\"left\" title=\"20160823_120125\" \/><\/a><\/div><\/div><div class=\"gallery-group images-1\" style=\"width: 582px; height: 329px;\"><div class=\"tiled-gallery-item tiled-gallery-item-medium\"><a href=\"https:\/\/www.buchau.be\/recettes\/wp-content\/uploads\/2016\/08\/20160823_120135.jpg\"><img loading=\"lazy\" decoding=\"async\" data-attachment-id=\"216\" data-orig-file=\"https:\/\/www.buchau.be\/recettes\/wp-content\/uploads\/2016\/08\/20160823_120135.jpg\" data-orig-size=\"1000,562\" data-comments-opened=\"1\" data-image-meta=\"{&quot;aperture&quot;:&quot;2.2&quot;,&quot;credit&quot;:&quot;&quot;,&quot;camera&quot;:&quot;GT-I9505&quot;,&quot;caption&quot;:&quot;&quot;,&quot;created_timestamp&quot;:&quot;1471953695&quot;,&quot;copyright&quot;:&quot;&quot;,&quot;focal_length&quot;:&quot;4.2&quot;,&quot;iso&quot;:&quot;64&quot;,&quot;shutter_speed&quot;:&quot;0.01&quot;,&quot;title&quot;:&quot;&quot;,&quot;orientation&quot;:&quot;1&quot;}\" data-image-title=\"20160823_120135\" data-image-description=\"\" data-medium-file=\"https:\/\/www.buchau.be\/recettes\/wp-content\/uploads\/2016\/08\/20160823_120135-300x169.jpg\" data-large-file=\"https:\/\/www.buchau.be\/recettes\/wp-content\/uploads\/2016\/08\/20160823_120135.jpg\" src=\"https:\/\/www.buchau.be\/recettes\/wp-content\/uploads\/2016\/08\/20160823_120135-300x169.jpg\" width=\"578\" height=\"325\" align=\"left\" title=\"20160823_120135\" \/><\/a><\/div><\/div><\/div><\/div>\n<p>Juste avant de servir, ajouter les ingr\u00e9dients d\u00e9coratifs : basilic, parmesan et tomates dans le wok ou directement sur les assiettes<\/p>\n<div data-carousel-extra='{\"blog_id\":1,\"permalink\":\"https:\\\/\\\/www.buchau.be\\\/recettes\\\/2016\\\/08\\\/25\\\/pates-aux-scampis\\\/\"}' class=\"tiled-gallery type-rectangular\" data-original-width=\"1170\"><div class=\"gallery-row\" style=\"width: 1165px; height: 397px;\"><div class=\"gallery-group images-1\" style=\"width: 711px; height: 401px;\"><div class=\"tiled-gallery-item tiled-gallery-item-medium\"><a href=\"https:\/\/www.buchau.be\/recettes\/wp-content\/uploads\/2016\/08\/20160823_120300.jpg\"><img loading=\"lazy\" decoding=\"async\" data-attachment-id=\"219\" data-orig-file=\"https:\/\/www.buchau.be\/recettes\/wp-content\/uploads\/2016\/08\/20160823_120300.jpg\" data-orig-size=\"1000,562\" data-comments-opened=\"1\" data-image-meta=\"{&quot;aperture&quot;:&quot;2.2&quot;,&quot;credit&quot;:&quot;&quot;,&quot;camera&quot;:&quot;GT-I9505&quot;,&quot;caption&quot;:&quot;&quot;,&quot;created_timestamp&quot;:&quot;1471953780&quot;,&quot;copyright&quot;:&quot;&quot;,&quot;focal_length&quot;:&quot;4.2&quot;,&quot;iso&quot;:&quot;50&quot;,&quot;shutter_speed&quot;:&quot;0.01&quot;,&quot;title&quot;:&quot;&quot;,&quot;orientation&quot;:&quot;1&quot;}\" data-image-title=\"20160823_120300\" data-image-description=\"\" data-medium-file=\"https:\/\/www.buchau.be\/recettes\/wp-content\/uploads\/2016\/08\/20160823_120300-300x169.jpg\" data-large-file=\"https:\/\/www.buchau.be\/recettes\/wp-content\/uploads\/2016\/08\/20160823_120300.jpg\" src=\"https:\/\/www.buchau.be\/recettes\/wp-content\/uploads\/2016\/08\/20160823_120300-300x169.jpg\" width=\"707\" height=\"397\" align=\"left\" title=\"20160823_120300\" \/><\/a><\/div><\/div><div class=\"gallery-group images-1\" style=\"width: 227px; height: 401px;\"><div class=\"tiled-gallery-item tiled-gallery-item-medium\"><a href=\"https:\/\/www.buchau.be\/recettes\/wp-content\/uploads\/2016\/08\/20160823_120457.jpg\"><img loading=\"lazy\" decoding=\"async\" data-attachment-id=\"220\" data-orig-file=\"https:\/\/www.buchau.be\/recettes\/wp-content\/uploads\/2016\/08\/20160823_120457.jpg\" data-orig-size=\"562,1000\" data-comments-opened=\"1\" data-image-meta=\"{&quot;aperture&quot;:&quot;2.2&quot;,&quot;credit&quot;:&quot;&quot;,&quot;camera&quot;:&quot;GT-I9505&quot;,&quot;caption&quot;:&quot;&quot;,&quot;created_timestamp&quot;:&quot;1471953897&quot;,&quot;copyright&quot;:&quot;&quot;,&quot;focal_length&quot;:&quot;4.2&quot;,&quot;iso&quot;:&quot;50&quot;,&quot;shutter_speed&quot;:&quot;0.0074074074074074&quot;,&quot;title&quot;:&quot;&quot;,&quot;orientation&quot;:&quot;1&quot;}\" data-image-title=\"20160823_120457\" data-image-description=\"\" data-medium-file=\"https:\/\/www.buchau.be\/recettes\/wp-content\/uploads\/2016\/08\/20160823_120457-169x300.jpg\" data-large-file=\"https:\/\/www.buchau.be\/recettes\/wp-content\/uploads\/2016\/08\/20160823_120457.jpg\" src=\"https:\/\/www.buchau.be\/recettes\/wp-content\/uploads\/2016\/08\/20160823_120457-169x300.jpg\" width=\"223\" height=\"397\" align=\"left\" title=\"20160823_120457\" \/><\/a><\/div><\/div><div class=\"gallery-group images-1\" style=\"width: 227px; height: 401px;\"><div class=\"tiled-gallery-item tiled-gallery-item-medium\"><a href=\"https:\/\/www.buchau.be\/recettes\/wp-content\/uploads\/2016\/08\/20160823_120554.jpg\"><img loading=\"lazy\" decoding=\"async\" data-attachment-id=\"218\" data-orig-file=\"https:\/\/www.buchau.be\/recettes\/wp-content\/uploads\/2016\/08\/20160823_120554.jpg\" data-orig-size=\"562,1000\" data-comments-opened=\"1\" data-image-meta=\"{&quot;aperture&quot;:&quot;2.2&quot;,&quot;credit&quot;:&quot;&quot;,&quot;camera&quot;:&quot;GT-I9505&quot;,&quot;caption&quot;:&quot;&quot;,&quot;created_timestamp&quot;:&quot;1471953954&quot;,&quot;copyright&quot;:&quot;&quot;,&quot;focal_length&quot;:&quot;4.2&quot;,&quot;iso&quot;:&quot;50&quot;,&quot;shutter_speed&quot;:&quot;0.0072463768115942&quot;,&quot;title&quot;:&quot;&quot;,&quot;orientation&quot;:&quot;1&quot;}\" data-image-title=\"20160823_120554\" data-image-description=\"\" data-medium-file=\"https:\/\/www.buchau.be\/recettes\/wp-content\/uploads\/2016\/08\/20160823_120554-169x300.jpg\" data-large-file=\"https:\/\/www.buchau.be\/recettes\/wp-content\/uploads\/2016\/08\/20160823_120554.jpg\" src=\"https:\/\/www.buchau.be\/recettes\/wp-content\/uploads\/2016\/08\/20160823_120554-169x300.jpg\" width=\"223\" height=\"397\" align=\"left\" title=\"20160823_120554\" \/><\/a><\/div><\/div><\/div><\/div>\n<p>&nbsp;<\/p>\n","protected":false},"excerpt":{"rendered":"<p>Beno\u00eet m&rsquo;a montr\u00e9 la vid\u00e9o d&rsquo;une recette sur internet. Apr\u00e8s quelques modifications et les conseils avis\u00e9s de notre cousine Isabelle, voici le r\u00e9sultat : &nbsp; Dur\u00e9e : 20 minutes Niveau : facile &nbsp; Ingr\u00e9dients des scampis 1 ou 2 cuillers \u00e0 soupe de mascarpone (conseil d&rsquo;Isabelle) des p\u00e2tes fra\u00eeches 2 ou 3 gousses d&rsquo;ail du<a class=\"read-more \" href=\"https:\/\/www.buchau.be\/recettes\/2016\/08\/25\/pates-aux-scampis\/\" title=\"Read More\"> <span class=\"button default\">Read More<\/span><\/a><\/p>\n","protected":false},"author":1,"featured_media":203,"comment_status":"open","ping_status":"open","sticky":false,"template":"","format":"standard","meta":{"footnotes":""},"categories":[10,11],"tags":[36,38,4,39,37],"class_list":["post-202","post","type-post","status-publish","format-standard","has-post-thumbnail","hentry","category-plats","category-poisson","tag-ail","tag-basilic","tag-citron","tag-epinards","tag-parmesan"],"_links":{"self":[{"href":"https:\/\/www.buchau.be\/recettes\/wp-json\/wp\/v2\/posts\/202","targetHints":{"allow":["GET"]}}],"collection":[{"href":"https:\/\/www.buchau.be\/recettes\/wp-json\/wp\/v2\/posts"}],"about":[{"href":"https:\/\/www.buchau.be\/recettes\/wp-json\/wp\/v2\/types\/post"}],"author":[{"embeddable":true,"href":"https:\/\/www.buchau.be\/recettes\/wp-json\/wp\/v2\/users\/1"}],"replies":[{"embeddable":true,"href":"https:\/\/www.buchau.be\/recettes\/wp-json\/wp\/v2\/comments?post=202"}],"version-history":[{"count":5,"href":"https:\/\/www.buchau.be\/recettes\/wp-json\/wp\/v2\/posts\/202\/revisions"}],"predecessor-version":[{"id":225,"href":"https:\/\/www.buchau.be\/recettes\/wp-json\/wp\/v2\/posts\/202\/revisions\/225"}],"wp:featuredmedia":[{"embeddable":true,"href":"https:\/\/www.buchau.be\/recettes\/wp-json\/wp\/v2\/media\/203"}],"wp:attachment":[{"href":"https:\/\/www.buchau.be\/recettes\/wp-json\/wp\/v2\/media?parent=202"}],"wp:term":[{"taxonomy":"category","embeddable":true,"href":"https:\/\/www.buchau.be\/recettes\/wp-json\/wp\/v2\/categories?post=202"},{"taxonomy":"post_tag","embeddable":true,"href":"https:\/\/www.buchau.be\/recettes\/wp-json\/wp\/v2\/tags?post=202"}],"curies":[{"name":"wp","href":"https:\/\/api.w.org\/{rel}","templated":true}]}}