{"id":236,"date":"2016-08-25T19:07:31","date_gmt":"2016-08-25T17:07:31","guid":{"rendered":"http:\/\/www.buchau.be\/recettes\/?p=236"},"modified":"2016-08-25T19:23:18","modified_gmt":"2016-08-25T17:23:18","slug":"pommes-de-terre-aux-herbes","status":"publish","type":"post","link":"https:\/\/www.buchau.be\/recettes\/2016\/08\/25\/pommes-de-terre-aux-herbes\/","title":{"rendered":"Pommes de terre aux herbes"},"content":{"rendered":"<p><span style=\"color: #000080;\"><em>C&rsquo;est parfait pour accompagner un barbecue et il n&rsquo;y a pas besoin d&#8217;emballer vos patates dans du papier aluminium.<\/em><\/span><\/p>\n<p><em>Dur\u00e9e : 1 petite heure<\/em><\/p>\n<p><em>Niveau : facile<\/em><\/p>\n<p>&nbsp;<\/p>\n<h4>Ingr\u00e9dients<\/h4>\n<ul>\n<li>pommes de terre<\/li>\n<li>herbes de Provence<\/li>\n<li>Beurre<\/li>\n<\/ul>\n<div data-carousel-extra='{\"blog_id\":1,\"permalink\":\"https:\\\/\\\/www.buchau.be\\\/recettes\\\/2016\\\/08\\\/25\\\/pommes-de-terre-aux-herbes\\\/\"}' class=\"tiled-gallery type-rectangular\" data-original-width=\"1170\"><div class=\"gallery-row\" style=\"width: 1165px; height: 1496px;\"><div class=\"gallery-group images-1\" style=\"width: 1165px; height: 1500px;\"><div class=\"tiled-gallery-item tiled-gallery-item-medium\"><a href=\"https:\/\/www.buchau.be\/recettes\/wp-content\/uploads\/2016\/08\/20160825_114229-e1472145791186.jpg\"><img loading=\"lazy\" decoding=\"async\" data-attachment-id=\"238\" data-orig-file=\"https:\/\/www.buchau.be\/recettes\/wp-content\/uploads\/2016\/08\/20160825_114229-e1472145791186.jpg\" data-orig-size=\"510,657\" data-comments-opened=\"1\" data-image-meta=\"{&quot;aperture&quot;:&quot;2.2&quot;,&quot;credit&quot;:&quot;&quot;,&quot;camera&quot;:&quot;GT-I9505&quot;,&quot;caption&quot;:&quot;&quot;,&quot;created_timestamp&quot;:&quot;1472125348&quot;,&quot;copyright&quot;:&quot;&quot;,&quot;focal_length&quot;:&quot;4.2&quot;,&quot;iso&quot;:&quot;50&quot;,&quot;shutter_speed&quot;:&quot;0.0057803468208092&quot;,&quot;title&quot;:&quot;&quot;,&quot;orientation&quot;:&quot;1&quot;}\" data-image-title=\"20160825_114229\" data-image-description=\"\" data-medium-file=\"https:\/\/www.buchau.be\/recettes\/wp-content\/uploads\/2016\/08\/20160825_114229-e1472145791186-233x300.jpg\" data-large-file=\"https:\/\/www.buchau.be\/recettes\/wp-content\/uploads\/2016\/08\/20160825_114229-e1472145791186.jpg\" src=\"https:\/\/www.buchau.be\/recettes\/wp-content\/uploads\/2016\/08\/20160825_114229-e1472145791186-233x300.jpg\" width=\"1161\" height=\"1496\" align=\"left\" title=\"20160825_114229\" \/><\/a><\/div><\/div><\/div><\/div>\n<h4><\/h4>\n<h4>Recette<\/h4>\n<p>Pr\u00e9chauffer le four \u00e0 180\u00b0C<\/p>\n<p>Trancher les pommes de terre sans les couper (enfoncer le couteau jusqu&rsquo;\u00e0 la moiti\u00e9 de l&rsquo;\u00e9paisseur)<\/p>\n<p>Mettre les pommes de terre dans un plat allant au four<\/p>\n<p>Avec les doigts \u00e9carter les lamelles et parsemer d&rsquo;herbes de Provence puis placer une petite tranche de beurre sur chaque pomme de terre.<\/p>\n<p>Enfourner 45 minutes<\/p>\n<div data-carousel-extra='{\"blog_id\":1,\"permalink\":\"https:\\\/\\\/www.buchau.be\\\/recettes\\\/2016\\\/08\\\/25\\\/pommes-de-terre-aux-herbes\\\/\"}' class=\"tiled-gallery type-rectangular\" data-original-width=\"1170\"><div class=\"gallery-row\" style=\"width: 1165px; height: 280px;\"><div class=\"gallery-group images-1\" style=\"width: 502px; height: 284px;\"><div class=\"tiled-gallery-item tiled-gallery-item-medium\"><a href=\"https:\/\/www.buchau.be\/recettes\/wp-content\/uploads\/2016\/08\/20160825_114111.jpg\"><img loading=\"lazy\" decoding=\"async\" data-attachment-id=\"240\" data-orig-file=\"https:\/\/www.buchau.be\/recettes\/wp-content\/uploads\/2016\/08\/20160825_114111.jpg\" data-orig-size=\"1000,562\" data-comments-opened=\"1\" data-image-meta=\"{&quot;aperture&quot;:&quot;2.2&quot;,&quot;credit&quot;:&quot;&quot;,&quot;camera&quot;:&quot;GT-I9505&quot;,&quot;caption&quot;:&quot;&quot;,&quot;created_timestamp&quot;:&quot;1472125271&quot;,&quot;copyright&quot;:&quot;&quot;,&quot;focal_length&quot;:&quot;4.2&quot;,&quot;iso&quot;:&quot;50&quot;,&quot;shutter_speed&quot;:&quot;0.01&quot;,&quot;title&quot;:&quot;&quot;,&quot;orientation&quot;:&quot;1&quot;}\" data-image-title=\"20160825_114111\" data-image-description=\"\" data-medium-file=\"https:\/\/www.buchau.be\/recettes\/wp-content\/uploads\/2016\/08\/20160825_114111-300x169.jpg\" data-large-file=\"https:\/\/www.buchau.be\/recettes\/wp-content\/uploads\/2016\/08\/20160825_114111.jpg\" src=\"https:\/\/www.buchau.be\/recettes\/wp-content\/uploads\/2016\/08\/20160825_114111-300x169.jpg\" width=\"498\" height=\"280\" align=\"left\" title=\"20160825_114111\" \/><\/a><\/div><\/div><div class=\"gallery-group images-1\" style=\"width: 161px; height: 284px;\"><div class=\"tiled-gallery-item tiled-gallery-item-medium\"><a href=\"https:\/\/www.buchau.be\/recettes\/wp-content\/uploads\/2016\/08\/20160825_114348.jpg\"><img loading=\"lazy\" decoding=\"async\" data-attachment-id=\"242\" data-orig-file=\"https:\/\/www.buchau.be\/recettes\/wp-content\/uploads\/2016\/08\/20160825_114348.jpg\" data-orig-size=\"562,1000\" data-comments-opened=\"1\" data-image-meta=\"{&quot;aperture&quot;:&quot;2.2&quot;,&quot;credit&quot;:&quot;&quot;,&quot;camera&quot;:&quot;GT-I9505&quot;,&quot;caption&quot;:&quot;&quot;,&quot;created_timestamp&quot;:&quot;1472125428&quot;,&quot;copyright&quot;:&quot;&quot;,&quot;focal_length&quot;:&quot;4.2&quot;,&quot;iso&quot;:&quot;64&quot;,&quot;shutter_speed&quot;:&quot;0.01&quot;,&quot;title&quot;:&quot;&quot;,&quot;orientation&quot;:&quot;1&quot;}\" data-image-title=\"20160825_114348\" data-image-description=\"\" data-medium-file=\"https:\/\/www.buchau.be\/recettes\/wp-content\/uploads\/2016\/08\/20160825_114348-169x300.jpg\" data-large-file=\"https:\/\/www.buchau.be\/recettes\/wp-content\/uploads\/2016\/08\/20160825_114348.jpg\" src=\"https:\/\/www.buchau.be\/recettes\/wp-content\/uploads\/2016\/08\/20160825_114348-169x300.jpg\" width=\"157\" height=\"280\" align=\"left\" title=\"20160825_114348\" \/><\/a><\/div><\/div><div class=\"gallery-group images-1\" style=\"width: 502px; height: 284px;\"><div class=\"tiled-gallery-item tiled-gallery-item-medium\"><a href=\"https:\/\/www.buchau.be\/recettes\/wp-content\/uploads\/2016\/08\/20160825_114337-e1472145055490.jpg\"><img loading=\"lazy\" decoding=\"async\" data-attachment-id=\"241\" data-orig-file=\"https:\/\/www.buchau.be\/recettes\/wp-content\/uploads\/2016\/08\/20160825_114337-e1472145055490.jpg\" data-orig-size=\"1000,562\" data-comments-opened=\"1\" data-image-meta=\"{&quot;aperture&quot;:&quot;2.2&quot;,&quot;credit&quot;:&quot;&quot;,&quot;camera&quot;:&quot;GT-I9505&quot;,&quot;caption&quot;:&quot;&quot;,&quot;created_timestamp&quot;:&quot;1472125417&quot;,&quot;copyright&quot;:&quot;&quot;,&quot;focal_length&quot;:&quot;4.2&quot;,&quot;iso&quot;:&quot;50&quot;,&quot;shutter_speed&quot;:&quot;0.01&quot;,&quot;title&quot;:&quot;&quot;,&quot;orientation&quot;:&quot;1&quot;}\" data-image-title=\"20160825_114337\" data-image-description=\"\" data-medium-file=\"https:\/\/www.buchau.be\/recettes\/wp-content\/uploads\/2016\/08\/20160825_114337-e1472145055490-300x169.jpg\" data-large-file=\"https:\/\/www.buchau.be\/recettes\/wp-content\/uploads\/2016\/08\/20160825_114337-e1472145055490.jpg\" src=\"https:\/\/www.buchau.be\/recettes\/wp-content\/uploads\/2016\/08\/20160825_114337-e1472145055490-300x169.jpg\" width=\"498\" height=\"280\" align=\"left\" title=\"20160825_114337\" \/><\/a><\/div><\/div><\/div><div class=\"gallery-row\" style=\"width: 1165px; height: 325px;\"><div class=\"gallery-group images-1\" style=\"width: 583px; height: 329px;\"><div class=\"tiled-gallery-item tiled-gallery-item-medium\"><a href=\"https:\/\/www.buchau.be\/recettes\/wp-content\/uploads\/2016\/08\/20160825_114510.jpg\"><img loading=\"lazy\" decoding=\"async\" data-attachment-id=\"243\" data-orig-file=\"https:\/\/www.buchau.be\/recettes\/wp-content\/uploads\/2016\/08\/20160825_114510.jpg\" data-orig-size=\"1000,562\" data-comments-opened=\"1\" data-image-meta=\"{&quot;aperture&quot;:&quot;2.2&quot;,&quot;credit&quot;:&quot;&quot;,&quot;camera&quot;:&quot;GT-I9505&quot;,&quot;caption&quot;:&quot;&quot;,&quot;created_timestamp&quot;:&quot;1472125510&quot;,&quot;copyright&quot;:&quot;&quot;,&quot;focal_length&quot;:&quot;4.2&quot;,&quot;iso&quot;:&quot;50&quot;,&quot;shutter_speed&quot;:&quot;0.0088495575221239&quot;,&quot;title&quot;:&quot;&quot;,&quot;orientation&quot;:&quot;1&quot;}\" data-image-title=\"20160825_114510\" data-image-description=\"\" data-medium-file=\"https:\/\/www.buchau.be\/recettes\/wp-content\/uploads\/2016\/08\/20160825_114510-300x169.jpg\" data-large-file=\"https:\/\/www.buchau.be\/recettes\/wp-content\/uploads\/2016\/08\/20160825_114510.jpg\" src=\"https:\/\/www.buchau.be\/recettes\/wp-content\/uploads\/2016\/08\/20160825_114510-300x169.jpg\" width=\"579\" height=\"325\" align=\"left\" title=\"20160825_114510\" \/><\/a><\/div><\/div><div class=\"gallery-group images-1\" style=\"width: 582px; height: 329px;\"><div class=\"tiled-gallery-item tiled-gallery-item-medium\"><a href=\"https:\/\/www.buchau.be\/recettes\/wp-content\/uploads\/2016\/08\/20160825_114558.jpg\"><img loading=\"lazy\" decoding=\"async\" data-attachment-id=\"239\" data-orig-file=\"https:\/\/www.buchau.be\/recettes\/wp-content\/uploads\/2016\/08\/20160825_114558.jpg\" data-orig-size=\"1000,562\" data-comments-opened=\"1\" data-image-meta=\"{&quot;aperture&quot;:&quot;2.2&quot;,&quot;credit&quot;:&quot;&quot;,&quot;camera&quot;:&quot;GT-I9505&quot;,&quot;caption&quot;:&quot;&quot;,&quot;created_timestamp&quot;:&quot;1472125557&quot;,&quot;copyright&quot;:&quot;&quot;,&quot;focal_length&quot;:&quot;4.2&quot;,&quot;iso&quot;:&quot;80&quot;,&quot;shutter_speed&quot;:&quot;0.02&quot;,&quot;title&quot;:&quot;&quot;,&quot;orientation&quot;:&quot;1&quot;}\" data-image-title=\"20160825_114558\" data-image-description=\"\" data-medium-file=\"https:\/\/www.buchau.be\/recettes\/wp-content\/uploads\/2016\/08\/20160825_114558-300x169.jpg\" data-large-file=\"https:\/\/www.buchau.be\/recettes\/wp-content\/uploads\/2016\/08\/20160825_114558.jpg\" src=\"https:\/\/www.buchau.be\/recettes\/wp-content\/uploads\/2016\/08\/20160825_114558-300x169.jpg\" width=\"578\" height=\"325\" align=\"left\" title=\"20160825_114558\" \/><\/a><\/div><\/div><\/div><\/div>\n<p>&nbsp;<\/p>\n","protected":false},"excerpt":{"rendered":"<p>C&rsquo;est parfait pour accompagner un barbecue et il n&rsquo;y a pas besoin d&#8217;emballer vos patates dans du papier aluminium. Dur\u00e9e : 1 petite heure Niveau : facile &nbsp; Ingr\u00e9dients pommes de terre herbes de Provence Beurre Recette Pr\u00e9chauffer le four \u00e0 180\u00b0C Trancher les pommes de terre sans les couper (enfoncer le couteau jusqu&rsquo;\u00e0 la<a class=\"read-more \" href=\"https:\/\/www.buchau.be\/recettes\/2016\/08\/25\/pommes-de-terre-aux-herbes\/\" title=\"Read More\"> <span class=\"button default\">Read More<\/span><\/a><\/p>\n","protected":false},"author":1,"featured_media":237,"comment_status":"open","ping_status":"open","sticky":false,"template":"","format":"standard","meta":{"footnotes":""},"categories":[28],"tags":[],"class_list":["post-236","post","type-post","status-publish","format-standard","has-post-thumbnail","hentry","category-accompagnements"],"_links":{"self":[{"href":"https:\/\/www.buchau.be\/recettes\/wp-json\/wp\/v2\/posts\/236","targetHints":{"allow":["GET"]}}],"collection":[{"href":"https:\/\/www.buchau.be\/recettes\/wp-json\/wp\/v2\/posts"}],"about":[{"href":"https:\/\/www.buchau.be\/recettes\/wp-json\/wp\/v2\/types\/post"}],"author":[{"embeddable":true,"href":"https:\/\/www.buchau.be\/recettes\/wp-json\/wp\/v2\/users\/1"}],"replies":[{"embeddable":true,"href":"https:\/\/www.buchau.be\/recettes\/wp-json\/wp\/v2\/comments?post=236"}],"version-history":[{"count":3,"href":"https:\/\/www.buchau.be\/recettes\/wp-json\/wp\/v2\/posts\/236\/revisions"}],"predecessor-version":[{"id":246,"href":"https:\/\/www.buchau.be\/recettes\/wp-json\/wp\/v2\/posts\/236\/revisions\/246"}],"wp:featuredmedia":[{"embeddable":true,"href":"https:\/\/www.buchau.be\/recettes\/wp-json\/wp\/v2\/media\/237"}],"wp:attachment":[{"href":"https:\/\/www.buchau.be\/recettes\/wp-json\/wp\/v2\/media?parent=236"}],"wp:term":[{"taxonomy":"category","embeddable":true,"href":"https:\/\/www.buchau.be\/recettes\/wp-json\/wp\/v2\/categories?post=236"},{"taxonomy":"post_tag","embeddable":true,"href":"https:\/\/www.buchau.be\/recettes\/wp-json\/wp\/v2\/tags?post=236"}],"curies":[{"name":"wp","href":"https:\/\/api.w.org\/{rel}","templated":true}]}}