{"id":4,"date":"2016-07-31T15:52:48","date_gmt":"2016-07-31T13:52:48","guid":{"rendered":"http:\/\/www.buchau.be\/recettes\/?p=4"},"modified":"2016-09-10T12:52:36","modified_gmt":"2016-09-10T10:52:36","slug":"tarte-au-citron-meringuee","status":"publish","type":"post","link":"https:\/\/www.buchau.be\/recettes\/2016\/07\/31\/tarte-au-citron-meringuee\/","title":{"rendered":"Tarte au citron meringu\u00e9e"},"content":{"rendered":"<p><em>Dur\u00e9e : entre 45&prime; et 1 heure<\/em><\/p>\n<p><em>Niveau : avanc\u00e9<\/em><\/p>\n<table>\n<tbody>\n<tr>\n<td width=\"307\">\n<h4><span style=\"text-decoration: underline;\">Ingr\u00e9dients<\/span><\/h4>\n<p>1 p\u00e2te bris\u00e9e<\/p>\n<p><em><u>pour l\u2019appareil<\/u><\/em><\/p>\n<ul>\n<li>le zeste r\u00e2p\u00e9 de 3 citrons bio<\/li>\n<li>45g de ma\u00efzena express<\/li>\n<li>+\/- 300 ml d\u2019eau<\/li>\n<li>3 gros jaunes d\u2019\u0153ufs (ou 4 petits)<\/li>\n<li>70g de sucre en poudre<\/li>\n<li>10g de sucre vanill\u00e9<\/li>\n<li>60g de beurre doux ou de margarine<\/li>\n<\/ul>\n<\/td>\n<td width=\"307\">&nbsp;<\/p>\n<p><em><u>pour la meringue<\/u><\/em><\/p>\n<ul>\n<li>le blanc de 3 gros \u0153ufs (ou 4 petits)<\/li>\n<li>1 pinc\u00e9e de sel<\/li>\n<li>50g de sucre en poudre<\/li>\n<li>10g de sucre vanill\u00e9<\/li>\n<\/ul>\n<p>&nbsp;<\/td>\n<\/tr>\n<\/tbody>\n<\/table>\n<div data-carousel-extra='{\"blog_id\":1,\"permalink\":\"https:\\\/\\\/www.buchau.be\\\/recettes\\\/2016\\\/07\\\/31\\\/tarte-au-citron-meringuee\\\/\"}' class=\"tiled-gallery type-rectangular\" data-original-width=\"1170\"><div class=\"gallery-row\" style=\"width: 1165px; height: 652px;\"><div class=\"gallery-group images-1\" style=\"width: 1165px; height: 656px;\"><div class=\"tiled-gallery-item tiled-gallery-item-medium\"><a href=\"https:\/\/www.buchau.be\/recettes\/wp-content\/uploads\/2016\/07\/20160910_110600.jpg\"><img loading=\"lazy\" decoding=\"async\" data-attachment-id=\"495\" data-orig-file=\"https:\/\/www.buchau.be\/recettes\/wp-content\/uploads\/2016\/07\/20160910_110600.jpg\" data-orig-size=\"1000,562\" data-comments-opened=\"1\" data-image-meta=\"{&quot;aperture&quot;:&quot;2.2&quot;,&quot;credit&quot;:&quot;&quot;,&quot;camera&quot;:&quot;GT-I9505&quot;,&quot;caption&quot;:&quot;&quot;,&quot;created_timestamp&quot;:&quot;1473505560&quot;,&quot;copyright&quot;:&quot;&quot;,&quot;focal_length&quot;:&quot;4.2&quot;,&quot;iso&quot;:&quot;50&quot;,&quot;shutter_speed&quot;:&quot;0.0057471264367816&quot;,&quot;title&quot;:&quot;&quot;,&quot;orientation&quot;:&quot;1&quot;}\" data-image-title=\"20160910_110600\" data-image-description=\"\" data-medium-file=\"https:\/\/www.buchau.be\/recettes\/wp-content\/uploads\/2016\/07\/20160910_110600-300x169.jpg\" data-large-file=\"https:\/\/www.buchau.be\/recettes\/wp-content\/uploads\/2016\/07\/20160910_110600.jpg\" src=\"https:\/\/www.buchau.be\/recettes\/wp-content\/uploads\/2016\/07\/20160910_110600-300x169.jpg\" width=\"1161\" height=\"652\" align=\"left\" title=\"20160910_110600\" \/><\/a><\/div><\/div><\/div><\/div>\n<h4><span style=\"text-decoration: underline;\">Recette<\/span><\/h4>\n<p>Pr\u00e9chauffer le four \u00e0 180\u00b0C.<\/p>\n<p>Faire cuire la p\u00e2te \u00e0 blanc 15\u2019 (avec des haricots blancs, des petits cailloux ou des billes en c\u00e9ramique). Placer une feuille de papier alimentaire entre la p\u00e2te et les cailloux<\/p>\n<div data-carousel-extra='{\"blog_id\":1,\"permalink\":\"https:\\\/\\\/www.buchau.be\\\/recettes\\\/2016\\\/07\\\/31\\\/tarte-au-citron-meringuee\\\/\"}' class=\"tiled-gallery type-rectangular\" data-original-width=\"1170\"><div class=\"gallery-row\" style=\"width: 1165px; height: 669px;\"><div class=\"gallery-group images-1\" style=\"width: 754px; height: 673px;\"><div class=\"tiled-gallery-item tiled-gallery-item-medium\"><a href=\"https:\/\/www.buchau.be\/recettes\/wp-content\/uploads\/2016\/07\/20160910_110737-1.jpg\"><img loading=\"lazy\" decoding=\"async\" data-attachment-id=\"496\" data-orig-file=\"https:\/\/www.buchau.be\/recettes\/wp-content\/uploads\/2016\/07\/20160910_110737-1.jpg\" data-orig-size=\"1000,891\" data-comments-opened=\"1\" data-image-meta=\"{&quot;aperture&quot;:&quot;2.2&quot;,&quot;credit&quot;:&quot;&quot;,&quot;camera&quot;:&quot;GT-I9505&quot;,&quot;caption&quot;:&quot;&quot;,&quot;created_timestamp&quot;:&quot;0&quot;,&quot;copyright&quot;:&quot;&quot;,&quot;focal_length&quot;:&quot;4.2&quot;,&quot;iso&quot;:&quot;50&quot;,&quot;shutter_speed&quot;:&quot;0.0048076923076923&quot;,&quot;title&quot;:&quot;&quot;,&quot;orientation&quot;:&quot;0&quot;}\" data-image-title=\"20160910_110737-1\" data-image-description=\"\" data-medium-file=\"https:\/\/www.buchau.be\/recettes\/wp-content\/uploads\/2016\/07\/20160910_110737-1-300x267.jpg\" data-large-file=\"https:\/\/www.buchau.be\/recettes\/wp-content\/uploads\/2016\/07\/20160910_110737-1.jpg\" src=\"https:\/\/www.buchau.be\/recettes\/wp-content\/uploads\/2016\/07\/20160910_110737-1-300x267.jpg\" width=\"750\" height=\"669\" align=\"left\" title=\"20160910_110737-1\" \/><\/a><\/div><\/div><div class=\"gallery-group images-2\" style=\"width: 411px; height: 673px;\"><div class=\"tiled-gallery-item tiled-gallery-item-medium\"><a href=\"https:\/\/www.buchau.be\/recettes\/wp-content\/uploads\/2016\/07\/20160910_110804-1.jpg\"><img loading=\"lazy\" decoding=\"async\" data-attachment-id=\"497\" data-orig-file=\"https:\/\/www.buchau.be\/recettes\/wp-content\/uploads\/2016\/07\/20160910_110804-1.jpg\" data-orig-size=\"1000,757\" data-comments-opened=\"1\" data-image-meta=\"{&quot;aperture&quot;:&quot;2.2&quot;,&quot;credit&quot;:&quot;&quot;,&quot;camera&quot;:&quot;GT-I9505&quot;,&quot;caption&quot;:&quot;&quot;,&quot;created_timestamp&quot;:&quot;0&quot;,&quot;copyright&quot;:&quot;&quot;,&quot;focal_length&quot;:&quot;4.2&quot;,&quot;iso&quot;:&quot;50&quot;,&quot;shutter_speed&quot;:&quot;0.0065359477124183&quot;,&quot;title&quot;:&quot;&quot;,&quot;orientation&quot;:&quot;0&quot;}\" data-image-title=\"20160910_110804-1\" data-image-description=\"\" data-medium-file=\"https:\/\/www.buchau.be\/recettes\/wp-content\/uploads\/2016\/07\/20160910_110804-1-300x227.jpg\" data-large-file=\"https:\/\/www.buchau.be\/recettes\/wp-content\/uploads\/2016\/07\/20160910_110804-1.jpg\" src=\"https:\/\/www.buchau.be\/recettes\/wp-content\/uploads\/2016\/07\/20160910_110804-1-300x227.jpg\" width=\"407\" height=\"308\" align=\"left\" title=\"20160910_110804-1\" \/><\/a><\/div><div class=\"tiled-gallery-item tiled-gallery-item-medium\"><a href=\"https:\/\/www.buchau.be\/recettes\/wp-content\/uploads\/2016\/07\/20160910_110828-1.jpg\"><img loading=\"lazy\" decoding=\"async\" data-attachment-id=\"498\" data-orig-file=\"https:\/\/www.buchau.be\/recettes\/wp-content\/uploads\/2016\/07\/20160910_110828-1.jpg\" data-orig-size=\"1000,878\" data-comments-opened=\"1\" data-image-meta=\"{&quot;aperture&quot;:&quot;2.2&quot;,&quot;credit&quot;:&quot;&quot;,&quot;camera&quot;:&quot;GT-I9505&quot;,&quot;caption&quot;:&quot;&quot;,&quot;created_timestamp&quot;:&quot;0&quot;,&quot;copyright&quot;:&quot;&quot;,&quot;focal_length&quot;:&quot;4.2&quot;,&quot;iso&quot;:&quot;50&quot;,&quot;shutter_speed&quot;:&quot;0.0063291139240506&quot;,&quot;title&quot;:&quot;&quot;,&quot;orientation&quot;:&quot;0&quot;}\" data-image-title=\"20160910_110828-1\" data-image-description=\"\" data-medium-file=\"https:\/\/www.buchau.be\/recettes\/wp-content\/uploads\/2016\/07\/20160910_110828-1-300x263.jpg\" data-large-file=\"https:\/\/www.buchau.be\/recettes\/wp-content\/uploads\/2016\/07\/20160910_110828-1.jpg\" src=\"https:\/\/www.buchau.be\/recettes\/wp-content\/uploads\/2016\/07\/20160910_110828-1-300x263.jpg\" width=\"407\" height=\"357\" align=\"left\" title=\"20160910_110828-1\" \/><\/a><\/div><\/div><\/div><div class=\"gallery-row\" style=\"width: 1165px; height: 819px;\"><div class=\"gallery-group images-1\" style=\"width: 1165px; height: 823px;\"><div class=\"tiled-gallery-item tiled-gallery-item-medium\"><a href=\"https:\/\/www.buchau.be\/recettes\/wp-content\/uploads\/2016\/07\/20160910_110859-1.jpg\"><img loading=\"lazy\" decoding=\"async\" data-attachment-id=\"499\" data-orig-file=\"https:\/\/www.buchau.be\/recettes\/wp-content\/uploads\/2016\/07\/20160910_110859-1.jpg\" data-orig-size=\"1000,705\" data-comments-opened=\"1\" data-image-meta=\"{&quot;aperture&quot;:&quot;2.2&quot;,&quot;credit&quot;:&quot;&quot;,&quot;camera&quot;:&quot;GT-I9505&quot;,&quot;caption&quot;:&quot;&quot;,&quot;created_timestamp&quot;:&quot;0&quot;,&quot;copyright&quot;:&quot;&quot;,&quot;focal_length&quot;:&quot;4.2&quot;,&quot;iso&quot;:&quot;50&quot;,&quot;shutter_speed&quot;:&quot;0.0066225165562914&quot;,&quot;title&quot;:&quot;&quot;,&quot;orientation&quot;:&quot;0&quot;}\" data-image-title=\"20160910_110859-1\" data-image-description=\"\" data-medium-file=\"https:\/\/www.buchau.be\/recettes\/wp-content\/uploads\/2016\/07\/20160910_110859-1-300x212.jpg\" data-large-file=\"https:\/\/www.buchau.be\/recettes\/wp-content\/uploads\/2016\/07\/20160910_110859-1.jpg\" src=\"https:\/\/www.buchau.be\/recettes\/wp-content\/uploads\/2016\/07\/20160910_110859-1-300x212.jpg\" width=\"1161\" height=\"819\" align=\"left\" title=\"20160910_110859-1\" \/><\/a><\/div><\/div><\/div><\/div>\n<h4>Pour l\u2019appareil\u00a0:<\/h4>\n<p>Mettre le jus et le zeste de citron dans un plat au-dessus d\u2019un bain-Marie. <span style=\"color: #000080;\"><em>Je superpose 2 casseroles en remplissant la plus grande d&rsquo;1\/3 d&rsquo;eau.<\/em><\/span><\/p>\n<p>Ajouter la ma\u00efzena et 2 cuillers d\u2019eau bouillante.<\/p>\n<p>Fouetter jusqu\u2019\u00e0 obtenir une cr\u00e8me plus ou moins lisse.<\/p>\n<p>Faire bouillir le restant de l\u2019eau, ajouter-le au m\u00e9lange au citron. Fouetter jusqu\u2019\u00e0 ce que le m\u00e9lange soit tr\u00e8s chaud.<\/p>\n<div data-carousel-extra='{\"blog_id\":1,\"permalink\":\"https:\\\/\\\/www.buchau.be\\\/recettes\\\/2016\\\/07\\\/31\\\/tarte-au-citron-meringuee\\\/\"}' class=\"tiled-gallery type-rectangular\" data-original-width=\"1170\"><div class=\"gallery-row\" style=\"width: 1165px; height: 588px;\"><div class=\"gallery-group images-1\" style=\"width: 734px; height: 592px;\"><div class=\"tiled-gallery-item tiled-gallery-item-medium\"><a href=\"https:\/\/www.buchau.be\/recettes\/wp-content\/uploads\/2016\/07\/20160910_111128-1.jpg\"><img loading=\"lazy\" decoding=\"async\" data-attachment-id=\"500\" data-orig-file=\"https:\/\/www.buchau.be\/recettes\/wp-content\/uploads\/2016\/07\/20160910_111128-1.jpg\" data-orig-size=\"1000,805\" data-comments-opened=\"1\" data-image-meta=\"{&quot;aperture&quot;:&quot;2.2&quot;,&quot;credit&quot;:&quot;&quot;,&quot;camera&quot;:&quot;GT-I9505&quot;,&quot;caption&quot;:&quot;&quot;,&quot;created_timestamp&quot;:&quot;0&quot;,&quot;copyright&quot;:&quot;&quot;,&quot;focal_length&quot;:&quot;4.2&quot;,&quot;iso&quot;:&quot;50&quot;,&quot;shutter_speed&quot;:&quot;0.0068965517241379&quot;,&quot;title&quot;:&quot;&quot;,&quot;orientation&quot;:&quot;0&quot;}\" data-image-title=\"20160910_111128-1\" data-image-description=\"\" data-medium-file=\"https:\/\/www.buchau.be\/recettes\/wp-content\/uploads\/2016\/07\/20160910_111128-1-300x242.jpg\" data-large-file=\"https:\/\/www.buchau.be\/recettes\/wp-content\/uploads\/2016\/07\/20160910_111128-1.jpg\" src=\"https:\/\/www.buchau.be\/recettes\/wp-content\/uploads\/2016\/07\/20160910_111128-1-300x242.jpg\" width=\"730\" height=\"588\" align=\"left\" title=\"20160910_111128-1\" \/><\/a><\/div><\/div><div class=\"gallery-group images-2\" style=\"width: 431px; height: 592px;\"><div class=\"tiled-gallery-item tiled-gallery-item-medium\"><a href=\"https:\/\/www.buchau.be\/recettes\/wp-content\/uploads\/2016\/07\/20160910_111409-1.jpg\"><img loading=\"lazy\" decoding=\"async\" data-attachment-id=\"501\" data-orig-file=\"https:\/\/www.buchau.be\/recettes\/wp-content\/uploads\/2016\/07\/20160910_111409-1.jpg\" data-orig-size=\"1000,808\" data-comments-opened=\"1\" data-image-meta=\"{&quot;aperture&quot;:&quot;2.2&quot;,&quot;credit&quot;:&quot;&quot;,&quot;camera&quot;:&quot;GT-I9505&quot;,&quot;caption&quot;:&quot;&quot;,&quot;created_timestamp&quot;:&quot;0&quot;,&quot;copyright&quot;:&quot;&quot;,&quot;focal_length&quot;:&quot;4.2&quot;,&quot;iso&quot;:&quot;50&quot;,&quot;shutter_speed&quot;:&quot;0.0066666666666667&quot;,&quot;title&quot;:&quot;&quot;,&quot;orientation&quot;:&quot;0&quot;}\" data-image-title=\"20160910_111409-1\" data-image-description=\"\" data-medium-file=\"https:\/\/www.buchau.be\/recettes\/wp-content\/uploads\/2016\/07\/20160910_111409-1-300x242.jpg\" data-large-file=\"https:\/\/www.buchau.be\/recettes\/wp-content\/uploads\/2016\/07\/20160910_111409-1.jpg\" src=\"https:\/\/www.buchau.be\/recettes\/wp-content\/uploads\/2016\/07\/20160910_111409-1-300x242.jpg\" width=\"427\" height=\"345\" align=\"left\" title=\"20160910_111409-1\" \/><\/a><\/div><div class=\"tiled-gallery-item tiled-gallery-item-medium\"><a href=\"https:\/\/www.buchau.be\/recettes\/wp-content\/uploads\/2016\/07\/20160910_111421-1.jpg\"><img loading=\"lazy\" decoding=\"async\" data-attachment-id=\"502\" data-orig-file=\"https:\/\/www.buchau.be\/recettes\/wp-content\/uploads\/2016\/07\/20160910_111421-1.jpg\" data-orig-size=\"1000,558\" data-comments-opened=\"1\" data-image-meta=\"{&quot;aperture&quot;:&quot;2.2&quot;,&quot;credit&quot;:&quot;&quot;,&quot;camera&quot;:&quot;GT-I9505&quot;,&quot;caption&quot;:&quot;&quot;,&quot;created_timestamp&quot;:&quot;0&quot;,&quot;copyright&quot;:&quot;&quot;,&quot;focal_length&quot;:&quot;4.2&quot;,&quot;iso&quot;:&quot;50&quot;,&quot;shutter_speed&quot;:&quot;0.0074626865671642&quot;,&quot;title&quot;:&quot;&quot;,&quot;orientation&quot;:&quot;0&quot;}\" data-image-title=\"20160910_111421-1\" data-image-description=\"\" data-medium-file=\"https:\/\/www.buchau.be\/recettes\/wp-content\/uploads\/2016\/07\/20160910_111421-1-300x167.jpg\" data-large-file=\"https:\/\/www.buchau.be\/recettes\/wp-content\/uploads\/2016\/07\/20160910_111421-1.jpg\" src=\"https:\/\/www.buchau.be\/recettes\/wp-content\/uploads\/2016\/07\/20160910_111421-1-300x167.jpg\" width=\"427\" height=\"239\" align=\"left\" title=\"20160910_111421-1\" \/><\/a><\/div><\/div><\/div><div class=\"gallery-row\" style=\"width: 1165px; height: 216px;\"><div class=\"gallery-group images-1\" style=\"width: 389px; height: 220px;\"><div class=\"tiled-gallery-item tiled-gallery-item-medium\"><a href=\"https:\/\/www.buchau.be\/recettes\/wp-content\/uploads\/2016\/07\/20160910_111455.jpg\"><img loading=\"lazy\" decoding=\"async\" data-attachment-id=\"503\" data-orig-file=\"https:\/\/www.buchau.be\/recettes\/wp-content\/uploads\/2016\/07\/20160910_111455.jpg\" data-orig-size=\"1000,562\" data-comments-opened=\"1\" data-image-meta=\"{&quot;aperture&quot;:&quot;2.2&quot;,&quot;credit&quot;:&quot;&quot;,&quot;camera&quot;:&quot;GT-I9505&quot;,&quot;caption&quot;:&quot;&quot;,&quot;created_timestamp&quot;:&quot;1473506094&quot;,&quot;copyright&quot;:&quot;&quot;,&quot;focal_length&quot;:&quot;4.2&quot;,&quot;iso&quot;:&quot;64&quot;,&quot;shutter_speed&quot;:&quot;0.01&quot;,&quot;title&quot;:&quot;&quot;,&quot;orientation&quot;:&quot;1&quot;}\" data-image-title=\"20160910_111455\" data-image-description=\"\" data-medium-file=\"https:\/\/www.buchau.be\/recettes\/wp-content\/uploads\/2016\/07\/20160910_111455-300x169.jpg\" data-large-file=\"https:\/\/www.buchau.be\/recettes\/wp-content\/uploads\/2016\/07\/20160910_111455.jpg\" src=\"https:\/\/www.buchau.be\/recettes\/wp-content\/uploads\/2016\/07\/20160910_111455-300x169.jpg\" width=\"385\" height=\"216\" align=\"left\" title=\"20160910_111455\" \/><\/a><\/div><\/div><div class=\"gallery-group images-1\" style=\"width: 388px; height: 220px;\"><div class=\"tiled-gallery-item tiled-gallery-item-medium\"><a href=\"https:\/\/www.buchau.be\/recettes\/wp-content\/uploads\/2016\/07\/20160910_111503.jpg\"><img loading=\"lazy\" decoding=\"async\" data-attachment-id=\"504\" data-orig-file=\"https:\/\/www.buchau.be\/recettes\/wp-content\/uploads\/2016\/07\/20160910_111503.jpg\" data-orig-size=\"1000,562\" data-comments-opened=\"1\" data-image-meta=\"{&quot;aperture&quot;:&quot;2.2&quot;,&quot;credit&quot;:&quot;&quot;,&quot;camera&quot;:&quot;GT-I9505&quot;,&quot;caption&quot;:&quot;&quot;,&quot;created_timestamp&quot;:&quot;1473506103&quot;,&quot;copyright&quot;:&quot;&quot;,&quot;focal_length&quot;:&quot;4.2&quot;,&quot;iso&quot;:&quot;80&quot;,&quot;shutter_speed&quot;:&quot;0.01&quot;,&quot;title&quot;:&quot;&quot;,&quot;orientation&quot;:&quot;1&quot;}\" data-image-title=\"20160910_111503\" data-image-description=\"\" data-medium-file=\"https:\/\/www.buchau.be\/recettes\/wp-content\/uploads\/2016\/07\/20160910_111503-300x169.jpg\" data-large-file=\"https:\/\/www.buchau.be\/recettes\/wp-content\/uploads\/2016\/07\/20160910_111503.jpg\" src=\"https:\/\/www.buchau.be\/recettes\/wp-content\/uploads\/2016\/07\/20160910_111503-300x169.jpg\" width=\"384\" height=\"216\" align=\"left\" title=\"20160910_111503\" \/><\/a><\/div><\/div><div class=\"gallery-group images-1\" style=\"width: 388px; height: 220px;\"><div class=\"tiled-gallery-item tiled-gallery-item-medium\"><a href=\"https:\/\/www.buchau.be\/recettes\/wp-content\/uploads\/2016\/07\/20160910_111816.jpg\"><img loading=\"lazy\" decoding=\"async\" data-attachment-id=\"505\" data-orig-file=\"https:\/\/www.buchau.be\/recettes\/wp-content\/uploads\/2016\/07\/20160910_111816.jpg\" data-orig-size=\"1000,562\" data-comments-opened=\"1\" data-image-meta=\"{&quot;aperture&quot;:&quot;2.2&quot;,&quot;credit&quot;:&quot;&quot;,&quot;camera&quot;:&quot;GT-I9505&quot;,&quot;caption&quot;:&quot;&quot;,&quot;created_timestamp&quot;:&quot;1473506296&quot;,&quot;copyright&quot;:&quot;&quot;,&quot;focal_length&quot;:&quot;4.2&quot;,&quot;iso&quot;:&quot;50&quot;,&quot;shutter_speed&quot;:&quot;0.0064102564102564&quot;,&quot;title&quot;:&quot;&quot;,&quot;orientation&quot;:&quot;1&quot;}\" data-image-title=\"20160910_111816\" data-image-description=\"\" data-medium-file=\"https:\/\/www.buchau.be\/recettes\/wp-content\/uploads\/2016\/07\/20160910_111816-300x169.jpg\" data-large-file=\"https:\/\/www.buchau.be\/recettes\/wp-content\/uploads\/2016\/07\/20160910_111816.jpg\" src=\"https:\/\/www.buchau.be\/recettes\/wp-content\/uploads\/2016\/07\/20160910_111816-300x169.jpg\" width=\"384\" height=\"216\" align=\"left\" title=\"20160910_111816\" \/><\/a><\/div><\/div><\/div><div class=\"gallery-row\" style=\"width: 1165px; height: 416px;\"><div class=\"gallery-group images-1\" style=\"width: 420px; height: 420px;\"><div class=\"tiled-gallery-item tiled-gallery-item-medium\"><a href=\"https:\/\/www.buchau.be\/recettes\/wp-content\/uploads\/2016\/07\/20160910_111846-1.jpg\"><img loading=\"lazy\" decoding=\"async\" data-attachment-id=\"506\" data-orig-file=\"https:\/\/www.buchau.be\/recettes\/wp-content\/uploads\/2016\/07\/20160910_111846-1.jpg\" data-orig-size=\"1000,1000\" data-comments-opened=\"1\" data-image-meta=\"{&quot;aperture&quot;:&quot;2.2&quot;,&quot;credit&quot;:&quot;&quot;,&quot;camera&quot;:&quot;GT-I9505&quot;,&quot;caption&quot;:&quot;&quot;,&quot;created_timestamp&quot;:&quot;0&quot;,&quot;copyright&quot;:&quot;&quot;,&quot;focal_length&quot;:&quot;4.2&quot;,&quot;iso&quot;:&quot;64&quot;,&quot;shutter_speed&quot;:&quot;0.01&quot;,&quot;title&quot;:&quot;&quot;,&quot;orientation&quot;:&quot;0&quot;}\" data-image-title=\"20160910_111846-1\" data-image-description=\"\" data-medium-file=\"https:\/\/www.buchau.be\/recettes\/wp-content\/uploads\/2016\/07\/20160910_111846-1-300x300.jpg\" data-large-file=\"https:\/\/www.buchau.be\/recettes\/wp-content\/uploads\/2016\/07\/20160910_111846-1.jpg\" src=\"https:\/\/www.buchau.be\/recettes\/wp-content\/uploads\/2016\/07\/20160910_111846-1-300x300.jpg\" width=\"416\" height=\"416\" align=\"left\" title=\"20160910_111846-1\" \/><\/a><\/div><\/div><div class=\"gallery-group images-1\" style=\"width: 745px; height: 420px;\"><div class=\"tiled-gallery-item tiled-gallery-item-medium\"><a href=\"https:\/\/www.buchau.be\/recettes\/wp-content\/uploads\/2016\/07\/20160910_112623.jpg\"><img loading=\"lazy\" decoding=\"async\" data-attachment-id=\"508\" data-orig-file=\"https:\/\/www.buchau.be\/recettes\/wp-content\/uploads\/2016\/07\/20160910_112623.jpg\" data-orig-size=\"1000,562\" data-comments-opened=\"1\" data-image-meta=\"{&quot;aperture&quot;:&quot;2.2&quot;,&quot;credit&quot;:&quot;&quot;,&quot;camera&quot;:&quot;GT-I9505&quot;,&quot;caption&quot;:&quot;&quot;,&quot;created_timestamp&quot;:&quot;1473506782&quot;,&quot;copyright&quot;:&quot;&quot;,&quot;focal_length&quot;:&quot;4.2&quot;,&quot;iso&quot;:&quot;80&quot;,&quot;shutter_speed&quot;:&quot;0.01&quot;,&quot;title&quot;:&quot;&quot;,&quot;orientation&quot;:&quot;1&quot;}\" data-image-title=\"20160910_112623\" data-image-description=\"\" data-medium-file=\"https:\/\/www.buchau.be\/recettes\/wp-content\/uploads\/2016\/07\/20160910_112623-300x169.jpg\" data-large-file=\"https:\/\/www.buchau.be\/recettes\/wp-content\/uploads\/2016\/07\/20160910_112623.jpg\" src=\"https:\/\/www.buchau.be\/recettes\/wp-content\/uploads\/2016\/07\/20160910_112623-300x169.jpg\" width=\"741\" height=\"416\" align=\"left\" title=\"20160910_112623\" \/><\/a><\/div><\/div><\/div><\/div>\n<p>Retirer du feu et ajouter en continuant de remuer\u00a0: le beurre (coup\u00e9 en petits morceaux) le sucre puis les jaunes d&rsquo;oeufs (garder les blancs dans un grand plat)<\/p>\n<p><span style=\"color: #000080;\"><em>Conseil pour s\u00e9parer le blanc des jaunes : casser vos oeufs un \u00e0 la fois au dessus d&rsquo;un ramequin et y verser le blanc; ajouter chaque blanc au fur et \u00e0 mesure dans un grand plat, cela \u00e9vitera de devoir tout jeter si il y a un peu de jaune dans votre blanc !<\/em><\/span><\/p>\n<div data-carousel-extra='{\"blog_id\":1,\"permalink\":\"https:\\\/\\\/www.buchau.be\\\/recettes\\\/2016\\\/07\\\/31\\\/tarte-au-citron-meringuee\\\/\"}' class=\"tiled-gallery type-rectangular\" data-original-width=\"1170\"><div class=\"gallery-row\" style=\"width: 1165px; height: 700px;\"><div class=\"gallery-group images-1\" style=\"width: 762px; height: 704px;\"><div class=\"tiled-gallery-item tiled-gallery-item-medium\"><a href=\"https:\/\/www.buchau.be\/recettes\/wp-content\/uploads\/2016\/07\/20160910_112359-1.jpg\"><img loading=\"lazy\" decoding=\"async\" data-attachment-id=\"507\" data-orig-file=\"https:\/\/www.buchau.be\/recettes\/wp-content\/uploads\/2016\/07\/20160910_112359-1.jpg\" data-orig-size=\"1000,924\" data-comments-opened=\"1\" data-image-meta=\"{&quot;aperture&quot;:&quot;2.2&quot;,&quot;credit&quot;:&quot;&quot;,&quot;camera&quot;:&quot;GT-I9505&quot;,&quot;caption&quot;:&quot;&quot;,&quot;created_timestamp&quot;:&quot;0&quot;,&quot;copyright&quot;:&quot;&quot;,&quot;focal_length&quot;:&quot;4.2&quot;,&quot;iso&quot;:&quot;50&quot;,&quot;shutter_speed&quot;:&quot;0.0052910052910053&quot;,&quot;title&quot;:&quot;&quot;,&quot;orientation&quot;:&quot;0&quot;}\" data-image-title=\"20160910_112359-1\" data-image-description=\"\" data-medium-file=\"https:\/\/www.buchau.be\/recettes\/wp-content\/uploads\/2016\/07\/20160910_112359-1-300x277.jpg\" data-large-file=\"https:\/\/www.buchau.be\/recettes\/wp-content\/uploads\/2016\/07\/20160910_112359-1.jpg\" src=\"https:\/\/www.buchau.be\/recettes\/wp-content\/uploads\/2016\/07\/20160910_112359-1-300x277.jpg\" width=\"758\" height=\"700\" align=\"left\" title=\"20160910_112359-1\" \/><\/a><\/div><\/div><div class=\"gallery-group images-2\" style=\"width: 403px; height: 704px;\"><div class=\"tiled-gallery-item tiled-gallery-item-medium\"><a href=\"https:\/\/www.buchau.be\/recettes\/wp-content\/uploads\/2016\/07\/20160910_112836-1.jpg\"><img loading=\"lazy\" decoding=\"async\" data-attachment-id=\"510\" data-orig-file=\"https:\/\/www.buchau.be\/recettes\/wp-content\/uploads\/2016\/07\/20160910_112836-1.jpg\" data-orig-size=\"1000,1000\" data-comments-opened=\"1\" data-image-meta=\"{&quot;aperture&quot;:&quot;2.2&quot;,&quot;credit&quot;:&quot;&quot;,&quot;camera&quot;:&quot;GT-I9505&quot;,&quot;caption&quot;:&quot;&quot;,&quot;created_timestamp&quot;:&quot;0&quot;,&quot;copyright&quot;:&quot;&quot;,&quot;focal_length&quot;:&quot;4.2&quot;,&quot;iso&quot;:&quot;50&quot;,&quot;shutter_speed&quot;:&quot;0.0078740157480315&quot;,&quot;title&quot;:&quot;&quot;,&quot;orientation&quot;:&quot;0&quot;}\" data-image-title=\"20160910_112836-1\" data-image-description=\"\" data-medium-file=\"https:\/\/www.buchau.be\/recettes\/wp-content\/uploads\/2016\/07\/20160910_112836-1-300x300.jpg\" data-large-file=\"https:\/\/www.buchau.be\/recettes\/wp-content\/uploads\/2016\/07\/20160910_112836-1.jpg\" src=\"https:\/\/www.buchau.be\/recettes\/wp-content\/uploads\/2016\/07\/20160910_112836-1-300x300.jpg\" width=\"399\" height=\"399\" align=\"left\" title=\"20160910_112836-1\" \/><\/a><\/div><div class=\"tiled-gallery-item tiled-gallery-item-medium\"><a href=\"https:\/\/www.buchau.be\/recettes\/wp-content\/uploads\/2016\/07\/20160910_112714-1.jpg\"><img loading=\"lazy\" decoding=\"async\" data-attachment-id=\"509\" data-orig-file=\"https:\/\/www.buchau.be\/recettes\/wp-content\/uploads\/2016\/07\/20160910_112714-1.jpg\" data-orig-size=\"1000,745\" data-comments-opened=\"1\" data-image-meta=\"{&quot;aperture&quot;:&quot;2.2&quot;,&quot;credit&quot;:&quot;&quot;,&quot;camera&quot;:&quot;GT-I9505&quot;,&quot;caption&quot;:&quot;&quot;,&quot;created_timestamp&quot;:&quot;0&quot;,&quot;copyright&quot;:&quot;&quot;,&quot;focal_length&quot;:&quot;4.2&quot;,&quot;iso&quot;:&quot;50&quot;,&quot;shutter_speed&quot;:&quot;0.0065789473684211&quot;,&quot;title&quot;:&quot;&quot;,&quot;orientation&quot;:&quot;0&quot;}\" data-image-title=\"20160910_112714-1\" data-image-description=\"\" data-medium-file=\"https:\/\/www.buchau.be\/recettes\/wp-content\/uploads\/2016\/07\/20160910_112714-1-300x224.jpg\" data-large-file=\"https:\/\/www.buchau.be\/recettes\/wp-content\/uploads\/2016\/07\/20160910_112714-1.jpg\" src=\"https:\/\/www.buchau.be\/recettes\/wp-content\/uploads\/2016\/07\/20160910_112714-1-300x224.jpg\" width=\"399\" height=\"297\" align=\"left\" title=\"20160910_112714-1\" \/><\/a><\/div><\/div><\/div><div class=\"gallery-row\" style=\"width: 1165px; height: 529px;\"><div class=\"gallery-group images-1\" style=\"width: 632px; height: 533px;\"><div class=\"tiled-gallery-item tiled-gallery-item-medium\"><a href=\"https:\/\/www.buchau.be\/recettes\/wp-content\/uploads\/2016\/07\/20160910_112911-1.jpg\"><img loading=\"lazy\" decoding=\"async\" data-attachment-id=\"511\" data-orig-file=\"https:\/\/www.buchau.be\/recettes\/wp-content\/uploads\/2016\/07\/20160910_112911-1.jpg\" data-orig-size=\"1000,843\" data-comments-opened=\"1\" data-image-meta=\"{&quot;aperture&quot;:&quot;2.2&quot;,&quot;credit&quot;:&quot;&quot;,&quot;camera&quot;:&quot;GT-I9505&quot;,&quot;caption&quot;:&quot;&quot;,&quot;created_timestamp&quot;:&quot;0&quot;,&quot;copyright&quot;:&quot;&quot;,&quot;focal_length&quot;:&quot;4.2&quot;,&quot;iso&quot;:&quot;50&quot;,&quot;shutter_speed&quot;:&quot;0.0063291139240506&quot;,&quot;title&quot;:&quot;&quot;,&quot;orientation&quot;:&quot;0&quot;}\" data-image-title=\"20160910_112911-1\" data-image-description=\"\" data-medium-file=\"https:\/\/www.buchau.be\/recettes\/wp-content\/uploads\/2016\/07\/20160910_112911-1-300x253.jpg\" data-large-file=\"https:\/\/www.buchau.be\/recettes\/wp-content\/uploads\/2016\/07\/20160910_112911-1.jpg\" src=\"https:\/\/www.buchau.be\/recettes\/wp-content\/uploads\/2016\/07\/20160910_112911-1-300x253.jpg\" width=\"628\" height=\"529\" align=\"left\" title=\"20160910_112911-1\" \/><\/a><\/div><\/div><div class=\"gallery-group images-1\" style=\"width: 533px; height: 533px;\"><div class=\"tiled-gallery-item tiled-gallery-item-medium\"><a href=\"https:\/\/www.buchau.be\/recettes\/wp-content\/uploads\/2016\/07\/20160910_112954-1.jpg\"><img loading=\"lazy\" decoding=\"async\" data-attachment-id=\"512\" data-orig-file=\"https:\/\/www.buchau.be\/recettes\/wp-content\/uploads\/2016\/07\/20160910_112954-1.jpg\" data-orig-size=\"1000,1000\" data-comments-opened=\"1\" data-image-meta=\"{&quot;aperture&quot;:&quot;2.2&quot;,&quot;credit&quot;:&quot;&quot;,&quot;camera&quot;:&quot;GT-I9505&quot;,&quot;caption&quot;:&quot;&quot;,&quot;created_timestamp&quot;:&quot;0&quot;,&quot;copyright&quot;:&quot;&quot;,&quot;focal_length&quot;:&quot;4.2&quot;,&quot;iso&quot;:&quot;50&quot;,&quot;shutter_speed&quot;:&quot;0.0080645161290323&quot;,&quot;title&quot;:&quot;&quot;,&quot;orientation&quot;:&quot;0&quot;}\" data-image-title=\"20160910_112954-1\" data-image-description=\"\" data-medium-file=\"https:\/\/www.buchau.be\/recettes\/wp-content\/uploads\/2016\/07\/20160910_112954-1-300x300.jpg\" data-large-file=\"https:\/\/www.buchau.be\/recettes\/wp-content\/uploads\/2016\/07\/20160910_112954-1.jpg\" src=\"https:\/\/www.buchau.be\/recettes\/wp-content\/uploads\/2016\/07\/20160910_112954-1-300x300.jpg\" width=\"529\" height=\"529\" align=\"left\" title=\"20160910_112954-1\" \/><\/a><\/div><\/div><\/div><\/div>\n<p>Laisser refroidir le m\u00e9lange pendant la pr\u00e9paration de la meringue.<\/p>\n<p>Sortir la p\u00e2te du four et enlever les cailloux directement ainsi que le papier alimentaire. <em><span style=\"color: #000080;\">Vous pourrez le r\u00e9utiliser une dizaine de fois.<\/span><\/em><\/p>\n<div data-carousel-extra='{\"blog_id\":1,\"permalink\":\"https:\\\/\\\/www.buchau.be\\\/recettes\\\/2016\\\/07\\\/31\\\/tarte-au-citron-meringuee\\\/\"}' class=\"tiled-gallery type-rectangular\" data-original-width=\"1170\"><div class=\"gallery-row\" style=\"width: 1165px; height: 345px;\"><div class=\"gallery-group images-1\" style=\"width: 349px; height: 349px;\"><div class=\"tiled-gallery-item tiled-gallery-item-medium\"><a href=\"https:\/\/www.buchau.be\/recettes\/wp-content\/uploads\/2016\/07\/20160910_113255-1.jpg\"><img loading=\"lazy\" decoding=\"async\" data-attachment-id=\"514\" data-orig-file=\"https:\/\/www.buchau.be\/recettes\/wp-content\/uploads\/2016\/07\/20160910_113255-1.jpg\" data-orig-size=\"1000,1000\" data-comments-opened=\"1\" data-image-meta=\"{&quot;aperture&quot;:&quot;2.2&quot;,&quot;credit&quot;:&quot;&quot;,&quot;camera&quot;:&quot;GT-I9505&quot;,&quot;caption&quot;:&quot;&quot;,&quot;created_timestamp&quot;:&quot;0&quot;,&quot;copyright&quot;:&quot;&quot;,&quot;focal_length&quot;:&quot;4.2&quot;,&quot;iso&quot;:&quot;50&quot;,&quot;shutter_speed&quot;:&quot;0.0049019607843137&quot;,&quot;title&quot;:&quot;&quot;,&quot;orientation&quot;:&quot;0&quot;}\" data-image-title=\"20160910_113255-1\" data-image-description=\"\" data-medium-file=\"https:\/\/www.buchau.be\/recettes\/wp-content\/uploads\/2016\/07\/20160910_113255-1-300x300.jpg\" data-large-file=\"https:\/\/www.buchau.be\/recettes\/wp-content\/uploads\/2016\/07\/20160910_113255-1.jpg\" src=\"https:\/\/www.buchau.be\/recettes\/wp-content\/uploads\/2016\/07\/20160910_113255-1-300x300.jpg\" width=\"345\" height=\"345\" align=\"left\" title=\"20160910_113255-1\" \/><\/a><\/div><\/div><div class=\"gallery-group images-1\" style=\"width: 198px; height: 349px;\"><div class=\"tiled-gallery-item tiled-gallery-item-medium\"><a href=\"https:\/\/www.buchau.be\/recettes\/wp-content\/uploads\/2016\/07\/20160910_113329.jpg\"><img loading=\"lazy\" decoding=\"async\" data-attachment-id=\"515\" data-orig-file=\"https:\/\/www.buchau.be\/recettes\/wp-content\/uploads\/2016\/07\/20160910_113329.jpg\" data-orig-size=\"562,1000\" data-comments-opened=\"1\" data-image-meta=\"{&quot;aperture&quot;:&quot;2.2&quot;,&quot;credit&quot;:&quot;&quot;,&quot;camera&quot;:&quot;GT-I9505&quot;,&quot;caption&quot;:&quot;&quot;,&quot;created_timestamp&quot;:&quot;1473507209&quot;,&quot;copyright&quot;:&quot;&quot;,&quot;focal_length&quot;:&quot;4.2&quot;,&quot;iso&quot;:&quot;50&quot;,&quot;shutter_speed&quot;:&quot;0.005524861878453&quot;,&quot;title&quot;:&quot;&quot;,&quot;orientation&quot;:&quot;1&quot;}\" data-image-title=\"20160910_113329\" data-image-description=\"\" data-medium-file=\"https:\/\/www.buchau.be\/recettes\/wp-content\/uploads\/2016\/07\/20160910_113329-169x300.jpg\" data-large-file=\"https:\/\/www.buchau.be\/recettes\/wp-content\/uploads\/2016\/07\/20160910_113329.jpg\" src=\"https:\/\/www.buchau.be\/recettes\/wp-content\/uploads\/2016\/07\/20160910_113329-169x300.jpg\" width=\"194\" height=\"345\" align=\"left\" title=\"20160910_113329\" \/><\/a><\/div><\/div><div class=\"gallery-group images-1\" style=\"width: 618px; height: 349px;\"><div class=\"tiled-gallery-item tiled-gallery-item-medium\"><a href=\"https:\/\/www.buchau.be\/recettes\/wp-content\/uploads\/2016\/07\/20160910_113351.jpg\"><img loading=\"lazy\" decoding=\"async\" data-attachment-id=\"516\" data-orig-file=\"https:\/\/www.buchau.be\/recettes\/wp-content\/uploads\/2016\/07\/20160910_113351.jpg\" data-orig-size=\"1000,562\" data-comments-opened=\"1\" data-image-meta=\"{&quot;aperture&quot;:&quot;2.2&quot;,&quot;credit&quot;:&quot;&quot;,&quot;camera&quot;:&quot;GT-I9505&quot;,&quot;caption&quot;:&quot;&quot;,&quot;created_timestamp&quot;:&quot;1473507230&quot;,&quot;copyright&quot;:&quot;&quot;,&quot;focal_length&quot;:&quot;4.2&quot;,&quot;iso&quot;:&quot;50&quot;,&quot;shutter_speed&quot;:&quot;0.0056497175141243&quot;,&quot;title&quot;:&quot;&quot;,&quot;orientation&quot;:&quot;1&quot;}\" data-image-title=\"20160910_113351\" data-image-description=\"\" data-medium-file=\"https:\/\/www.buchau.be\/recettes\/wp-content\/uploads\/2016\/07\/20160910_113351-300x169.jpg\" data-large-file=\"https:\/\/www.buchau.be\/recettes\/wp-content\/uploads\/2016\/07\/20160910_113351.jpg\" src=\"https:\/\/www.buchau.be\/recettes\/wp-content\/uploads\/2016\/07\/20160910_113351-300x169.jpg\" width=\"614\" height=\"345\" align=\"left\" title=\"20160910_113351\" \/><\/a><\/div><\/div><\/div><div class=\"gallery-row\" style=\"width: 1165px; height: 652px;\"><div class=\"gallery-group images-1\" style=\"width: 1165px; height: 656px;\"><div class=\"tiled-gallery-item tiled-gallery-item-medium\"><a href=\"https:\/\/www.buchau.be\/recettes\/wp-content\/uploads\/2016\/07\/20160910_113420.jpg\"><img loading=\"lazy\" decoding=\"async\" data-attachment-id=\"517\" data-orig-file=\"https:\/\/www.buchau.be\/recettes\/wp-content\/uploads\/2016\/07\/20160910_113420.jpg\" data-orig-size=\"1000,562\" data-comments-opened=\"1\" data-image-meta=\"{&quot;aperture&quot;:&quot;2.2&quot;,&quot;credit&quot;:&quot;&quot;,&quot;camera&quot;:&quot;GT-I9505&quot;,&quot;caption&quot;:&quot;&quot;,&quot;created_timestamp&quot;:&quot;1473507259&quot;,&quot;copyright&quot;:&quot;&quot;,&quot;focal_length&quot;:&quot;4.2&quot;,&quot;iso&quot;:&quot;50&quot;,&quot;shutter_speed&quot;:&quot;0.0045662100456621&quot;,&quot;title&quot;:&quot;&quot;,&quot;orientation&quot;:&quot;1&quot;}\" data-image-title=\"20160910_113420\" data-image-description=\"\" data-medium-file=\"https:\/\/www.buchau.be\/recettes\/wp-content\/uploads\/2016\/07\/20160910_113420-300x169.jpg\" data-large-file=\"https:\/\/www.buchau.be\/recettes\/wp-content\/uploads\/2016\/07\/20160910_113420.jpg\" src=\"https:\/\/www.buchau.be\/recettes\/wp-content\/uploads\/2016\/07\/20160910_113420-300x169.jpg\" width=\"1161\" height=\"652\" align=\"left\" title=\"20160910_113420\" \/><\/a><\/div><\/div><\/div><\/div>\n<h4>Pour la meringue\u00a0:<\/h4>\n<p>Fouetter les blancs en neige avec une pinc\u00e9e de sel. Ajouter le sucre en plusieurs fois (pas tout d&rsquo;un coup).<\/p>\n<div data-carousel-extra='{\"blog_id\":1,\"permalink\":\"https:\\\/\\\/www.buchau.be\\\/recettes\\\/2016\\\/07\\\/31\\\/tarte-au-citron-meringuee\\\/\"}' class=\"tiled-gallery type-rectangular\" data-original-width=\"1170\"><div class=\"gallery-row\" style=\"width: 1165px; height: 614px;\"><div class=\"gallery-group images-1\" style=\"width: 618px; height: 618px;\"><div class=\"tiled-gallery-item tiled-gallery-item-medium\"><a href=\"https:\/\/www.buchau.be\/recettes\/wp-content\/uploads\/2016\/07\/20160910_113146-1.jpg\"><img loading=\"lazy\" decoding=\"async\" data-attachment-id=\"513\" data-orig-file=\"https:\/\/www.buchau.be\/recettes\/wp-content\/uploads\/2016\/07\/20160910_113146-1.jpg\" data-orig-size=\"1000,1000\" data-comments-opened=\"1\" data-image-meta=\"{&quot;aperture&quot;:&quot;2.2&quot;,&quot;credit&quot;:&quot;&quot;,&quot;camera&quot;:&quot;GT-I9505&quot;,&quot;caption&quot;:&quot;&quot;,&quot;created_timestamp&quot;:&quot;0&quot;,&quot;copyright&quot;:&quot;&quot;,&quot;focal_length&quot;:&quot;4.2&quot;,&quot;iso&quot;:&quot;50&quot;,&quot;shutter_speed&quot;:&quot;0.0053191489361702&quot;,&quot;title&quot;:&quot;&quot;,&quot;orientation&quot;:&quot;0&quot;}\" data-image-title=\"20160910_113146-1\" data-image-description=\"\" data-medium-file=\"https:\/\/www.buchau.be\/recettes\/wp-content\/uploads\/2016\/07\/20160910_113146-1-300x300.jpg\" data-large-file=\"https:\/\/www.buchau.be\/recettes\/wp-content\/uploads\/2016\/07\/20160910_113146-1.jpg\" src=\"https:\/\/www.buchau.be\/recettes\/wp-content\/uploads\/2016\/07\/20160910_113146-1-300x300.jpg\" width=\"614\" height=\"614\" align=\"left\" title=\"20160910_113146-1\" \/><\/a><\/div><\/div><div class=\"gallery-group images-2\" style=\"width: 547px; height: 618px;\"><div class=\"tiled-gallery-item tiled-gallery-item-medium\"><a href=\"https:\/\/www.buchau.be\/recettes\/wp-content\/uploads\/2016\/07\/20160910_113601.jpg\"><img loading=\"lazy\" decoding=\"async\" data-attachment-id=\"518\" data-orig-file=\"https:\/\/www.buchau.be\/recettes\/wp-content\/uploads\/2016\/07\/20160910_113601.jpg\" data-orig-size=\"1000,562\" data-comments-opened=\"1\" data-image-meta=\"{&quot;aperture&quot;:&quot;2.2&quot;,&quot;credit&quot;:&quot;&quot;,&quot;camera&quot;:&quot;GT-I9505&quot;,&quot;caption&quot;:&quot;&quot;,&quot;created_timestamp&quot;:&quot;1473507361&quot;,&quot;copyright&quot;:&quot;&quot;,&quot;focal_length&quot;:&quot;4.2&quot;,&quot;iso&quot;:&quot;50&quot;,&quot;shutter_speed&quot;:&quot;0.01&quot;,&quot;title&quot;:&quot;&quot;,&quot;orientation&quot;:&quot;1&quot;}\" data-image-title=\"20160910_113601\" data-image-description=\"\" data-medium-file=\"https:\/\/www.buchau.be\/recettes\/wp-content\/uploads\/2016\/07\/20160910_113601-300x169.jpg\" data-large-file=\"https:\/\/www.buchau.be\/recettes\/wp-content\/uploads\/2016\/07\/20160910_113601.jpg\" src=\"https:\/\/www.buchau.be\/recettes\/wp-content\/uploads\/2016\/07\/20160910_113601-300x169.jpg\" width=\"543\" height=\"305\" align=\"left\" title=\"20160910_113601\" \/><\/a><\/div><div class=\"tiled-gallery-item tiled-gallery-item-medium\"><a href=\"https:\/\/www.buchau.be\/recettes\/wp-content\/uploads\/2016\/07\/20160910_113615.jpg\"><img loading=\"lazy\" decoding=\"async\" data-attachment-id=\"519\" data-orig-file=\"https:\/\/www.buchau.be\/recettes\/wp-content\/uploads\/2016\/07\/20160910_113615.jpg\" data-orig-size=\"1000,562\" data-comments-opened=\"1\" data-image-meta=\"{&quot;aperture&quot;:&quot;2.2&quot;,&quot;credit&quot;:&quot;&quot;,&quot;camera&quot;:&quot;GT-I9505&quot;,&quot;caption&quot;:&quot;&quot;,&quot;created_timestamp&quot;:&quot;1473507374&quot;,&quot;copyright&quot;:&quot;&quot;,&quot;focal_length&quot;:&quot;4.2&quot;,&quot;iso&quot;:&quot;50&quot;,&quot;shutter_speed&quot;:&quot;0.0097087378640777&quot;,&quot;title&quot;:&quot;&quot;,&quot;orientation&quot;:&quot;1&quot;}\" data-image-title=\"20160910_113615\" data-image-description=\"\" data-medium-file=\"https:\/\/www.buchau.be\/recettes\/wp-content\/uploads\/2016\/07\/20160910_113615-300x169.jpg\" data-large-file=\"https:\/\/www.buchau.be\/recettes\/wp-content\/uploads\/2016\/07\/20160910_113615.jpg\" src=\"https:\/\/www.buchau.be\/recettes\/wp-content\/uploads\/2016\/07\/20160910_113615-300x169.jpg\" width=\"543\" height=\"305\" align=\"left\" title=\"20160910_113615\" \/><\/a><\/div><\/div><\/div><div class=\"gallery-row\" style=\"width: 1165px; height: 216px;\"><div class=\"gallery-group images-1\" style=\"width: 389px; height: 220px;\"><div class=\"tiled-gallery-item tiled-gallery-item-medium\"><a href=\"https:\/\/www.buchau.be\/recettes\/wp-content\/uploads\/2016\/07\/20160910_113638.jpg\"><img loading=\"lazy\" decoding=\"async\" data-attachment-id=\"520\" data-orig-file=\"https:\/\/www.buchau.be\/recettes\/wp-content\/uploads\/2016\/07\/20160910_113638.jpg\" data-orig-size=\"1000,562\" data-comments-opened=\"1\" data-image-meta=\"{&quot;aperture&quot;:&quot;2.2&quot;,&quot;credit&quot;:&quot;&quot;,&quot;camera&quot;:&quot;GT-I9505&quot;,&quot;caption&quot;:&quot;&quot;,&quot;created_timestamp&quot;:&quot;1473507398&quot;,&quot;copyright&quot;:&quot;&quot;,&quot;focal_length&quot;:&quot;4.2&quot;,&quot;iso&quot;:&quot;50&quot;,&quot;shutter_speed&quot;:&quot;0.0097087378640777&quot;,&quot;title&quot;:&quot;&quot;,&quot;orientation&quot;:&quot;1&quot;}\" data-image-title=\"20160910_113638\" data-image-description=\"\" data-medium-file=\"https:\/\/www.buchau.be\/recettes\/wp-content\/uploads\/2016\/07\/20160910_113638-300x169.jpg\" data-large-file=\"https:\/\/www.buchau.be\/recettes\/wp-content\/uploads\/2016\/07\/20160910_113638.jpg\" src=\"https:\/\/www.buchau.be\/recettes\/wp-content\/uploads\/2016\/07\/20160910_113638-300x169.jpg\" width=\"385\" height=\"216\" align=\"left\" title=\"20160910_113638\" \/><\/a><\/div><\/div><div class=\"gallery-group images-1\" style=\"width: 388px; height: 220px;\"><div class=\"tiled-gallery-item tiled-gallery-item-medium\"><a href=\"https:\/\/www.buchau.be\/recettes\/wp-content\/uploads\/2016\/07\/20160910_113719.jpg\"><img loading=\"lazy\" decoding=\"async\" data-attachment-id=\"521\" data-orig-file=\"https:\/\/www.buchau.be\/recettes\/wp-content\/uploads\/2016\/07\/20160910_113719.jpg\" data-orig-size=\"1000,562\" data-comments-opened=\"1\" data-image-meta=\"{&quot;aperture&quot;:&quot;2.2&quot;,&quot;credit&quot;:&quot;&quot;,&quot;camera&quot;:&quot;GT-I9505&quot;,&quot;caption&quot;:&quot;&quot;,&quot;created_timestamp&quot;:&quot;1473507438&quot;,&quot;copyright&quot;:&quot;&quot;,&quot;focal_length&quot;:&quot;4.2&quot;,&quot;iso&quot;:&quot;50&quot;,&quot;shutter_speed&quot;:&quot;0.0087719298245614&quot;,&quot;title&quot;:&quot;&quot;,&quot;orientation&quot;:&quot;1&quot;}\" data-image-title=\"20160910_113719\" data-image-description=\"\" data-medium-file=\"https:\/\/www.buchau.be\/recettes\/wp-content\/uploads\/2016\/07\/20160910_113719-300x169.jpg\" data-large-file=\"https:\/\/www.buchau.be\/recettes\/wp-content\/uploads\/2016\/07\/20160910_113719.jpg\" src=\"https:\/\/www.buchau.be\/recettes\/wp-content\/uploads\/2016\/07\/20160910_113719-300x169.jpg\" width=\"384\" height=\"216\" align=\"left\" title=\"20160910_113719\" \/><\/a><\/div><\/div><div class=\"gallery-group images-1\" style=\"width: 388px; height: 220px;\"><div class=\"tiled-gallery-item tiled-gallery-item-medium\"><a href=\"https:\/\/www.buchau.be\/recettes\/wp-content\/uploads\/2016\/07\/20160910_113813.jpg\"><img loading=\"lazy\" decoding=\"async\" data-attachment-id=\"522\" data-orig-file=\"https:\/\/www.buchau.be\/recettes\/wp-content\/uploads\/2016\/07\/20160910_113813.jpg\" data-orig-size=\"1000,562\" data-comments-opened=\"1\" data-image-meta=\"{&quot;aperture&quot;:&quot;2.2&quot;,&quot;credit&quot;:&quot;&quot;,&quot;camera&quot;:&quot;GT-I9505&quot;,&quot;caption&quot;:&quot;&quot;,&quot;created_timestamp&quot;:&quot;1473507492&quot;,&quot;copyright&quot;:&quot;&quot;,&quot;focal_length&quot;:&quot;4.2&quot;,&quot;iso&quot;:&quot;50&quot;,&quot;shutter_speed&quot;:&quot;0.0082644628099174&quot;,&quot;title&quot;:&quot;&quot;,&quot;orientation&quot;:&quot;1&quot;}\" data-image-title=\"20160910_113813\" data-image-description=\"\" data-medium-file=\"https:\/\/www.buchau.be\/recettes\/wp-content\/uploads\/2016\/07\/20160910_113813-300x169.jpg\" data-large-file=\"https:\/\/www.buchau.be\/recettes\/wp-content\/uploads\/2016\/07\/20160910_113813.jpg\" src=\"https:\/\/www.buchau.be\/recettes\/wp-content\/uploads\/2016\/07\/20160910_113813-300x169.jpg\" width=\"384\" height=\"216\" align=\"left\" title=\"20160910_113813\" \/><\/a><\/div><\/div><\/div><\/div>\n<p>\u00c9taler le m\u00e9lange au citron sur la p\u00e2te, couvrir de meringue \u00e0 l&rsquo;aide d&rsquo;une cuiller \u00e0 soupe.<\/p>\n<div data-carousel-extra='{\"blog_id\":1,\"permalink\":\"https:\\\/\\\/www.buchau.be\\\/recettes\\\/2016\\\/07\\\/31\\\/tarte-au-citron-meringuee\\\/\"}' class=\"tiled-gallery type-rectangular\" data-original-width=\"1170\"><div class=\"gallery-row\" style=\"width: 1165px; height: 305px;\"><div class=\"gallery-group images-1\" style=\"width: 547px; height: 309px;\"><div class=\"tiled-gallery-item tiled-gallery-item-medium\"><a href=\"https:\/\/www.buchau.be\/recettes\/wp-content\/uploads\/2016\/07\/20160910_113944.jpg\"><img loading=\"lazy\" decoding=\"async\" data-attachment-id=\"523\" data-orig-file=\"https:\/\/www.buchau.be\/recettes\/wp-content\/uploads\/2016\/07\/20160910_113944.jpg\" data-orig-size=\"1000,562\" data-comments-opened=\"1\" data-image-meta=\"{&quot;aperture&quot;:&quot;2.2&quot;,&quot;credit&quot;:&quot;&quot;,&quot;camera&quot;:&quot;GT-I9505&quot;,&quot;caption&quot;:&quot;&quot;,&quot;created_timestamp&quot;:&quot;1473507584&quot;,&quot;copyright&quot;:&quot;&quot;,&quot;focal_length&quot;:&quot;4.2&quot;,&quot;iso&quot;:&quot;50&quot;,&quot;shutter_speed&quot;:&quot;0.0045248868778281&quot;,&quot;title&quot;:&quot;&quot;,&quot;orientation&quot;:&quot;1&quot;}\" data-image-title=\"20160910_113944\" data-image-description=\"\" data-medium-file=\"https:\/\/www.buchau.be\/recettes\/wp-content\/uploads\/2016\/07\/20160910_113944-300x169.jpg\" data-large-file=\"https:\/\/www.buchau.be\/recettes\/wp-content\/uploads\/2016\/07\/20160910_113944.jpg\" src=\"https:\/\/www.buchau.be\/recettes\/wp-content\/uploads\/2016\/07\/20160910_113944-300x169.jpg\" width=\"543\" height=\"305\" align=\"left\" title=\"20160910_113944\" \/><\/a><\/div><\/div><div class=\"gallery-group images-1\" style=\"width: 309px; height: 309px;\"><div class=\"tiled-gallery-item tiled-gallery-item-medium\"><a href=\"https:\/\/www.buchau.be\/recettes\/wp-content\/uploads\/2016\/07\/20160910_114055-1.jpg\"><img loading=\"lazy\" decoding=\"async\" data-attachment-id=\"524\" data-orig-file=\"https:\/\/www.buchau.be\/recettes\/wp-content\/uploads\/2016\/07\/20160910_114055-1.jpg\" data-orig-size=\"1000,1000\" data-comments-opened=\"1\" data-image-meta=\"{&quot;aperture&quot;:&quot;2.2&quot;,&quot;credit&quot;:&quot;&quot;,&quot;camera&quot;:&quot;GT-I9505&quot;,&quot;caption&quot;:&quot;&quot;,&quot;created_timestamp&quot;:&quot;0&quot;,&quot;copyright&quot;:&quot;&quot;,&quot;focal_length&quot;:&quot;4.2&quot;,&quot;iso&quot;:&quot;50&quot;,&quot;shutter_speed&quot;:&quot;0.0052356020942408&quot;,&quot;title&quot;:&quot;&quot;,&quot;orientation&quot;:&quot;0&quot;}\" data-image-title=\"20160910_114055-1\" data-image-description=\"\" data-medium-file=\"https:\/\/www.buchau.be\/recettes\/wp-content\/uploads\/2016\/07\/20160910_114055-1-300x300.jpg\" data-large-file=\"https:\/\/www.buchau.be\/recettes\/wp-content\/uploads\/2016\/07\/20160910_114055-1.jpg\" src=\"https:\/\/www.buchau.be\/recettes\/wp-content\/uploads\/2016\/07\/20160910_114055-1-300x300.jpg\" width=\"305\" height=\"305\" align=\"left\" title=\"20160910_114055-1\" \/><\/a><\/div><\/div><div class=\"gallery-group images-1\" style=\"width: 309px; height: 309px;\"><div class=\"tiled-gallery-item tiled-gallery-item-medium\"><a href=\"https:\/\/www.buchau.be\/recettes\/wp-content\/uploads\/2016\/07\/20160910_114111-1.jpg\"><img loading=\"lazy\" decoding=\"async\" data-attachment-id=\"525\" data-orig-file=\"https:\/\/www.buchau.be\/recettes\/wp-content\/uploads\/2016\/07\/20160910_114111-1.jpg\" data-orig-size=\"1000,1000\" data-comments-opened=\"1\" data-image-meta=\"{&quot;aperture&quot;:&quot;2.2&quot;,&quot;credit&quot;:&quot;&quot;,&quot;camera&quot;:&quot;GT-I9505&quot;,&quot;caption&quot;:&quot;&quot;,&quot;created_timestamp&quot;:&quot;0&quot;,&quot;copyright&quot;:&quot;&quot;,&quot;focal_length&quot;:&quot;4.2&quot;,&quot;iso&quot;:&quot;50&quot;,&quot;shutter_speed&quot;:&quot;0.0068027210884354&quot;,&quot;title&quot;:&quot;&quot;,&quot;orientation&quot;:&quot;0&quot;}\" data-image-title=\"20160910_114111-1\" data-image-description=\"\" data-medium-file=\"https:\/\/www.buchau.be\/recettes\/wp-content\/uploads\/2016\/07\/20160910_114111-1-300x300.jpg\" data-large-file=\"https:\/\/www.buchau.be\/recettes\/wp-content\/uploads\/2016\/07\/20160910_114111-1.jpg\" src=\"https:\/\/www.buchau.be\/recettes\/wp-content\/uploads\/2016\/07\/20160910_114111-1-300x300.jpg\" width=\"305\" height=\"305\" align=\"left\" title=\"20160910_114111-1\" \/><\/a><\/div><\/div><\/div><div class=\"gallery-row\" style=\"width: 1165px; height: 694px;\"><div class=\"gallery-group images-1\" style=\"width: 698px; height: 698px;\"><div class=\"tiled-gallery-item tiled-gallery-item-medium\"><a href=\"https:\/\/www.buchau.be\/recettes\/wp-content\/uploads\/2016\/07\/20160910_114114-1.jpg\"><img loading=\"lazy\" decoding=\"async\" data-attachment-id=\"526\" data-orig-file=\"https:\/\/www.buchau.be\/recettes\/wp-content\/uploads\/2016\/07\/20160910_114114-1.jpg\" data-orig-size=\"1000,1000\" data-comments-opened=\"1\" data-image-meta=\"{&quot;aperture&quot;:&quot;2.2&quot;,&quot;credit&quot;:&quot;&quot;,&quot;camera&quot;:&quot;GT-I9505&quot;,&quot;caption&quot;:&quot;&quot;,&quot;created_timestamp&quot;:&quot;0&quot;,&quot;copyright&quot;:&quot;&quot;,&quot;focal_length&quot;:&quot;4.2&quot;,&quot;iso&quot;:&quot;50&quot;,&quot;shutter_speed&quot;:&quot;0.0058823529411765&quot;,&quot;title&quot;:&quot;&quot;,&quot;orientation&quot;:&quot;0&quot;}\" data-image-title=\"20160910_114114-1\" data-image-description=\"\" data-medium-file=\"https:\/\/www.buchau.be\/recettes\/wp-content\/uploads\/2016\/07\/20160910_114114-1-300x300.jpg\" data-large-file=\"https:\/\/www.buchau.be\/recettes\/wp-content\/uploads\/2016\/07\/20160910_114114-1.jpg\" src=\"https:\/\/www.buchau.be\/recettes\/wp-content\/uploads\/2016\/07\/20160910_114114-1-300x300.jpg\" width=\"694\" height=\"694\" align=\"left\" title=\"20160910_114114-1\" \/><\/a><\/div><\/div><div class=\"gallery-group images-2\" style=\"width: 467px; height: 698px;\"><div class=\"tiled-gallery-item tiled-gallery-item-medium\"><a href=\"https:\/\/www.buchau.be\/recettes\/wp-content\/uploads\/2016\/07\/20160910_114140.jpg\"><img loading=\"lazy\" decoding=\"async\" data-attachment-id=\"527\" data-orig-file=\"https:\/\/www.buchau.be\/recettes\/wp-content\/uploads\/2016\/07\/20160910_114140.jpg\" data-orig-size=\"1000,562\" data-comments-opened=\"1\" data-image-meta=\"{&quot;aperture&quot;:&quot;2.2&quot;,&quot;credit&quot;:&quot;&quot;,&quot;camera&quot;:&quot;GT-I9505&quot;,&quot;caption&quot;:&quot;&quot;,&quot;created_timestamp&quot;:&quot;1473507699&quot;,&quot;copyright&quot;:&quot;&quot;,&quot;focal_length&quot;:&quot;4.2&quot;,&quot;iso&quot;:&quot;50&quot;,&quot;shutter_speed&quot;:&quot;0.0043859649122807&quot;,&quot;title&quot;:&quot;&quot;,&quot;orientation&quot;:&quot;1&quot;}\" data-image-title=\"20160910_114140\" data-image-description=\"\" data-medium-file=\"https:\/\/www.buchau.be\/recettes\/wp-content\/uploads\/2016\/07\/20160910_114140-300x169.jpg\" data-large-file=\"https:\/\/www.buchau.be\/recettes\/wp-content\/uploads\/2016\/07\/20160910_114140.jpg\" src=\"https:\/\/www.buchau.be\/recettes\/wp-content\/uploads\/2016\/07\/20160910_114140-300x169.jpg\" width=\"463\" height=\"261\" align=\"left\" title=\"20160910_114140\" \/><\/a><\/div><div class=\"tiled-gallery-item tiled-gallery-item-medium\"><a href=\"https:\/\/www.buchau.be\/recettes\/wp-content\/uploads\/2016\/07\/20160910_114244-1.jpg\"><img loading=\"lazy\" decoding=\"async\" data-attachment-id=\"528\" data-orig-file=\"https:\/\/www.buchau.be\/recettes\/wp-content\/uploads\/2016\/07\/20160910_114244-1.jpg\" data-orig-size=\"1000,926\" data-comments-opened=\"1\" data-image-meta=\"{&quot;aperture&quot;:&quot;2.2&quot;,&quot;credit&quot;:&quot;&quot;,&quot;camera&quot;:&quot;GT-I9505&quot;,&quot;caption&quot;:&quot;&quot;,&quot;created_timestamp&quot;:&quot;0&quot;,&quot;copyright&quot;:&quot;&quot;,&quot;focal_length&quot;:&quot;4.2&quot;,&quot;iso&quot;:&quot;50&quot;,&quot;shutter_speed&quot;:&quot;0.002247191011236&quot;,&quot;title&quot;:&quot;&quot;,&quot;orientation&quot;:&quot;0&quot;}\" data-image-title=\"20160910_114244-1\" data-image-description=\"\" data-medium-file=\"https:\/\/www.buchau.be\/recettes\/wp-content\/uploads\/2016\/07\/20160910_114244-1-300x278.jpg\" data-large-file=\"https:\/\/www.buchau.be\/recettes\/wp-content\/uploads\/2016\/07\/20160910_114244-1.jpg\" src=\"https:\/\/www.buchau.be\/recettes\/wp-content\/uploads\/2016\/07\/20160910_114244-1-300x278.jpg\" width=\"463\" height=\"429\" align=\"left\" title=\"20160910_114244-1\" \/><\/a><\/div><\/div><\/div><\/div>\n<p>Faire cuire 15 \u00e0 20\u2019.<\/p>\n<p>Laisser refroidir avant de d\u00e9mouler.<\/p>\n<div data-carousel-extra='{\"blog_id\":1,\"permalink\":\"https:\\\/\\\/www.buchau.be\\\/recettes\\\/2016\\\/07\\\/31\\\/tarte-au-citron-meringuee\\\/\"}' class=\"tiled-gallery type-rectangular\" data-original-width=\"1170\"><div class=\"gallery-row\" style=\"width: 1165px; height: 416px;\"><div class=\"gallery-group images-1\" style=\"width: 420px; height: 420px;\"><div class=\"tiled-gallery-item tiled-gallery-item-medium\"><a href=\"https:\/\/www.buchau.be\/recettes\/wp-content\/uploads\/2016\/07\/20160910_120112-1.jpg\"><img loading=\"lazy\" decoding=\"async\" data-attachment-id=\"529\" data-orig-file=\"https:\/\/www.buchau.be\/recettes\/wp-content\/uploads\/2016\/07\/20160910_120112-1.jpg\" data-orig-size=\"1000,1000\" data-comments-opened=\"1\" data-image-meta=\"{&quot;aperture&quot;:&quot;2.2&quot;,&quot;credit&quot;:&quot;&quot;,&quot;camera&quot;:&quot;GT-I9505&quot;,&quot;caption&quot;:&quot;&quot;,&quot;created_timestamp&quot;:&quot;0&quot;,&quot;copyright&quot;:&quot;&quot;,&quot;focal_length&quot;:&quot;4.2&quot;,&quot;iso&quot;:&quot;50&quot;,&quot;shutter_speed&quot;:&quot;0.0059171597633136&quot;,&quot;title&quot;:&quot;&quot;,&quot;orientation&quot;:&quot;0&quot;}\" data-image-title=\"20160910_120112-1\" data-image-description=\"\" data-medium-file=\"https:\/\/www.buchau.be\/recettes\/wp-content\/uploads\/2016\/07\/20160910_120112-1-300x300.jpg\" data-large-file=\"https:\/\/www.buchau.be\/recettes\/wp-content\/uploads\/2016\/07\/20160910_120112-1.jpg\" src=\"https:\/\/www.buchau.be\/recettes\/wp-content\/uploads\/2016\/07\/20160910_120112-1-300x300.jpg\" width=\"416\" height=\"416\" align=\"left\" title=\"20160910_120112-1\" \/><\/a><\/div><\/div><div class=\"gallery-group images-1\" style=\"width: 745px; height: 420px;\"><div class=\"tiled-gallery-item tiled-gallery-item-medium\"><a href=\"https:\/\/www.buchau.be\/recettes\/wp-content\/uploads\/2016\/07\/20160731_220818.jpg\"><img loading=\"lazy\" decoding=\"async\" data-attachment-id=\"51\" data-orig-file=\"https:\/\/www.buchau.be\/recettes\/wp-content\/uploads\/2016\/07\/20160731_220818.jpg\" data-orig-size=\"1000,562\" data-comments-opened=\"1\" data-image-meta=\"{&quot;aperture&quot;:&quot;2.2&quot;,&quot;credit&quot;:&quot;&quot;,&quot;camera&quot;:&quot;GT-I9505&quot;,&quot;caption&quot;:&quot;&quot;,&quot;created_timestamp&quot;:&quot;1470002897&quot;,&quot;copyright&quot;:&quot;&quot;,&quot;focal_length&quot;:&quot;4.2&quot;,&quot;iso&quot;:&quot;80&quot;,&quot;shutter_speed&quot;:&quot;0.03030303030303&quot;,&quot;title&quot;:&quot;&quot;,&quot;orientation&quot;:&quot;1&quot;}\" data-image-title=\"20160731_220818\" data-image-description=\"\" data-medium-file=\"https:\/\/www.buchau.be\/recettes\/wp-content\/uploads\/2016\/07\/20160731_220818-300x169.jpg\" data-large-file=\"https:\/\/www.buchau.be\/recettes\/wp-content\/uploads\/2016\/07\/20160731_220818.jpg\" src=\"https:\/\/www.buchau.be\/recettes\/wp-content\/uploads\/2016\/07\/20160731_220818-300x169.jpg\" width=\"741\" height=\"416\" align=\"left\" title=\"20160731_220818\" \/><\/a><\/div><\/div><\/div><\/div>\n<p><span style=\"color: #000080;\"><em>Moi, je trouve que c\u2019est un r\u00e9gal\u00a0! Vous pouvez la pr\u00e9parer la veille et la conserver au frigo.<\/em><\/span><\/p>\n<p>&nbsp;<\/p>\n<p><em>Recette tir\u00e9e du livre \u00ab\u00a0L\u2019art de la tarte\u00a0\u00bb de Tamasin Day-Lewis quelque peu revisit\u00e9e et simplifi\u00e9e par mes soins.<\/em><\/p>\n<p><em>\u00a0<\/em><\/p>\n","protected":false},"excerpt":{"rendered":"<p>Dur\u00e9e : entre 45&prime; et 1 heure Niveau : avanc\u00e9 Ingr\u00e9dients 1 p\u00e2te bris\u00e9e pour l\u2019appareil le zeste r\u00e2p\u00e9 de 3 citrons bio 45g de ma\u00efzena express +\/- 300 ml d\u2019eau 3 gros jaunes d\u2019\u0153ufs (ou 4 petits) 70g de sucre en poudre 10g de sucre vanill\u00e9 60g de beurre doux ou de margarine &nbsp;<a class=\"read-more \" href=\"https:\/\/www.buchau.be\/recettes\/2016\/07\/31\/tarte-au-citron-meringuee\/\" title=\"Read More\"> <span class=\"button default\">Read More<\/span><\/a><\/p>\n","protected":false},"author":1,"featured_media":49,"comment_status":"open","ping_status":"open","sticky":false,"template":"","format":"standard","meta":{"footnotes":""},"categories":[2],"tags":[21,4,5],"class_list":["post-4","post","type-post","status-publish","format-standard","has-post-thumbnail","hentry","category-dessert","tag-belche","tag-citron","tag-pate-brisee"],"_links":{"self":[{"href":"https:\/\/www.buchau.be\/recettes\/wp-json\/wp\/v2\/posts\/4","targetHints":{"allow":["GET"]}}],"collection":[{"href":"https:\/\/www.buchau.be\/recettes\/wp-json\/wp\/v2\/posts"}],"about":[{"href":"https:\/\/www.buchau.be\/recettes\/wp-json\/wp\/v2\/types\/post"}],"author":[{"embeddable":true,"href":"https:\/\/www.buchau.be\/recettes\/wp-json\/wp\/v2\/users\/1"}],"replies":[{"embeddable":true,"href":"https:\/\/www.buchau.be\/recettes\/wp-json\/wp\/v2\/comments?post=4"}],"version-history":[{"count":11,"href":"https:\/\/www.buchau.be\/recettes\/wp-json\/wp\/v2\/posts\/4\/revisions"}],"predecessor-version":[{"id":535,"href":"https:\/\/www.buchau.be\/recettes\/wp-json\/wp\/v2\/posts\/4\/revisions\/535"}],"wp:featuredmedia":[{"embeddable":true,"href":"https:\/\/www.buchau.be\/recettes\/wp-json\/wp\/v2\/media\/49"}],"wp:attachment":[{"href":"https:\/\/www.buchau.be\/recettes\/wp-json\/wp\/v2\/media?parent=4"}],"wp:term":[{"taxonomy":"category","embeddable":true,"href":"https:\/\/www.buchau.be\/recettes\/wp-json\/wp\/v2\/categories?post=4"},{"taxonomy":"post_tag","embeddable":true,"href":"https:\/\/www.buchau.be\/recettes\/wp-json\/wp\/v2\/tags?post=4"}],"curies":[{"name":"wp","href":"https:\/\/api.w.org\/{rel}","templated":true}]}}