{"id":537,"date":"2016-09-18T20:05:14","date_gmt":"2016-09-18T18:05:14","guid":{"rendered":"http:\/\/www.buchau.be\/recettes\/?p=537"},"modified":"2016-09-18T20:08:29","modified_gmt":"2016-09-18T18:08:29","slug":"boulettes-sauce-lapin","status":"publish","type":"post","link":"https:\/\/www.buchau.be\/recettes\/2016\/09\/18\/boulettes-sauce-lapin\/","title":{"rendered":"Boulettes sauce lapin"},"content":{"rendered":"<p><em>Dur\u00e9e : 35 minutes<\/em><\/p>\n<p><em>Niveau : facile<\/em><\/p>\n<p><span style=\"color: #000080;\"><em>Quand j&rsquo;\u00e9tais petite, maman nous demandait souvent ce qu&rsquo;on voulait manger. Quand on r\u00e9pondait : \u00ab\u00a0Des boulettes !\u00a0\u00bb, elle nous disait invariablement : \u00ab\u00a0D&rsquo;accord, vous aurez des boulettes la semaine prochaine. Cette semaine ce sera des carbonnades.\u00a0\u00bb Les carbonnades n&rsquo;ont jamais \u00e9t\u00e9 mon plat favori, mais cela voulait dire que les boulettes arriveraient la semaine suivante, assur\u00e9ment !<\/em><\/span><\/p>\n<p><span style=\"color: #000080;\"><em>Et oui, maman, comme sa maman avant elle, conservait dans un tupperware tous les restes de sauce de viande au frigo. Les couches se rigidifiaient et se superposaient en diff\u00e9rentes teintes. Lorsque le tupperware \u00e9tait suffisamment rempli, maman pr\u00e9parait sa sauce carbonnade avec toutes ces sauces accumul\u00e9es ainsi que des baies de gen\u00e9vrier, des clous de girofle, des feuilles de laurier (Celui qui en trouverait une dans son assiette \u00e9tait soi-disant de corv\u00e9e vaisselle.), et surtout&#8230; du sirop de Li\u00e8ge. La sauce \u00e9tait \u00e0 nouveau mise de c\u00f4t\u00e9 au frigo pour la pr\u00e9paration des boulettes sauce lapin la semaine d&rsquo;apr\u00e8s.<\/em><\/span><\/p>\n<p><span style=\"color: #000080;\"><em>Par la suite, maman a simplifi\u00e9 sa recette et a arr\u00eat\u00e9 de conserver les sauces de viande qui ne devaient pas \u00eatre tr\u00e8s bonnes pour la sant\u00e9, mais si bonnes au go\u00fbt ! Mais, elle a toujours pr\u00e9par\u00e9 les carbonnades la semaine pr\u00e9c\u00e9dente. Il y a quelques ann\u00e9es, j&rsquo;ai eu tr\u00e8s envie des \u00ab\u00a0boulettes de maman\u00a0\u00bb sans envisager l&rsquo;\u00e9tape des carbonnades. Et bien, cette recette est assez proche en saveurs et plus rapide.<\/em><\/span><\/p>\n<h4><span style=\"text-decoration: underline;\">Ingr\u00e9dients pour 3 ou 4<\/span><\/h4>\n<p><span style=\"text-decoration: underline;\">Pour les boulettes<\/span><\/p>\n<ul>\n<li>500g de hach\u00e9<\/li>\n<li>1 \u00e9chalote \u00e9minc\u00e9e<\/li>\n<li>1 oeuf<\/li>\n<li>2 cuillers \u00e0 soupe de chapelure (<span style=\"color: #000080;\"><em>Je la pr\u00e9pare avec le pain durci que je passe au mixer<\/em><\/span>)<\/li>\n<li>un peu d&rsquo;ail en poudre (<em><span style=\"color: #000080;\">J&rsquo;ai des copeaux d&rsquo;ail s\u00e9ch\u00e9s que je mets dans un \u00e9grugeoir)<\/span><\/em><\/li>\n<li>des herbes de Provence<\/li>\n<li>du persil hach\u00e9 (<em><span style=\"color: #000080;\">J&rsquo;ach\u00e8te une botte que je passe au mixer et que je conserve au cong\u00e9lateur)<\/span><\/em><\/li>\n<li>de l&rsquo;huile<\/li>\n<\/ul>\n<p><span style=\"text-decoration: underline;\">Pour la sauce lapin<\/span><\/p>\n<ul>\n<li>1 bocal de fond de boeuf<\/li>\n<li>1 gros oignon coup\u00e9 en morceaux<\/li>\n<li>1 filet de vinaigre balsamique<\/li>\n<li>1 <span style=\"text-decoration: underline;\">tr\u00e8s grosse<\/span> cuiller \u00e0 soupe de sirop de Li\u00e8ge<\/li>\n<li>3 clous de girofle<\/li>\n<li>un peu de laurier en poudre <span style=\"color: #000080;\"><em>(pour \u00e9viter la corv\u00e9e vaisselle<\/em><\/span>)<\/li>\n<\/ul>\n<p><span style=\"text-decoration: underline;\">En accompagnement <\/span><\/p>\n<ul>\n<li>des frites<\/li>\n<li>de la compote de pomme<\/li>\n<\/ul>\n<div data-carousel-extra='{\"blog_id\":1,\"permalink\":\"https:\\\/\\\/www.buchau.be\\\/recettes\\\/2016\\\/09\\\/18\\\/boulettes-sauce-lapin\\\/\"}' class=\"tiled-gallery type-rectangular\" data-original-width=\"1170\"><div class=\"gallery-row\" style=\"width: 1165px; height: 1173px;\"><div class=\"gallery-group images-1\" style=\"width: 1165px; height: 1177px;\"><div class=\"tiled-gallery-item tiled-gallery-item-medium\"><a href=\"https:\/\/www.buchau.be\/recettes\/wp-content\/uploads\/2016\/09\/20160918_143434-1.jpg\"><img loading=\"lazy\" decoding=\"async\" data-attachment-id=\"553\" data-orig-file=\"https:\/\/www.buchau.be\/recettes\/wp-content\/uploads\/2016\/09\/20160918_143434-1.jpg\" data-orig-size=\"990,1000\" data-comments-opened=\"1\" data-image-meta=\"{&quot;aperture&quot;:&quot;2.2&quot;,&quot;credit&quot;:&quot;&quot;,&quot;camera&quot;:&quot;GT-I9505&quot;,&quot;caption&quot;:&quot;&quot;,&quot;created_timestamp&quot;:&quot;0&quot;,&quot;copyright&quot;:&quot;&quot;,&quot;focal_length&quot;:&quot;4.2&quot;,&quot;iso&quot;:&quot;50&quot;,&quot;shutter_speed&quot;:&quot;0.01&quot;,&quot;title&quot;:&quot;&quot;,&quot;orientation&quot;:&quot;0&quot;}\" data-image-title=\"20160918_143434-1\" data-image-description=\"\" data-medium-file=\"https:\/\/www.buchau.be\/recettes\/wp-content\/uploads\/2016\/09\/20160918_143434-1-297x300.jpg\" data-large-file=\"https:\/\/www.buchau.be\/recettes\/wp-content\/uploads\/2016\/09\/20160918_143434-1.jpg\" src=\"https:\/\/www.buchau.be\/recettes\/wp-content\/uploads\/2016\/09\/20160918_143434-1-297x300.jpg\" width=\"1161\" height=\"1173\" align=\"left\" title=\"20160918_143434-1\" \/><\/a><\/div><\/div><\/div><\/div>\n<h4><span style=\"text-decoration: underline;\">Recette<\/span><\/h4>\n<p>M\u00e9langer au hach\u00e9 tous les ingr\u00e9dients pour les boulettes et former 8 \u00e0 9 boulettes<\/p>\n<div data-carousel-extra='{\"blog_id\":1,\"permalink\":\"https:\\\/\\\/www.buchau.be\\\/recettes\\\/2016\\\/09\\\/18\\\/boulettes-sauce-lapin\\\/\"}' class=\"tiled-gallery type-rectangular\" data-original-width=\"1170\"><div class=\"gallery-row\" style=\"width: 1165px; height: 735px;\"><div class=\"gallery-group images-1\" style=\"width: 739px; height: 739px;\"><div class=\"tiled-gallery-item tiled-gallery-item-medium\"><a href=\"https:\/\/www.buchau.be\/recettes\/wp-content\/uploads\/2016\/09\/20160918_143605-1.jpg\"><img loading=\"lazy\" decoding=\"async\" data-attachment-id=\"554\" data-orig-file=\"https:\/\/www.buchau.be\/recettes\/wp-content\/uploads\/2016\/09\/20160918_143605-1.jpg\" data-orig-size=\"1000,1000\" data-comments-opened=\"1\" data-image-meta=\"{&quot;aperture&quot;:&quot;2.2&quot;,&quot;credit&quot;:&quot;&quot;,&quot;camera&quot;:&quot;GT-I9505&quot;,&quot;caption&quot;:&quot;&quot;,&quot;created_timestamp&quot;:&quot;0&quot;,&quot;copyright&quot;:&quot;&quot;,&quot;focal_length&quot;:&quot;4.2&quot;,&quot;iso&quot;:&quot;64&quot;,&quot;shutter_speed&quot;:&quot;0.01&quot;,&quot;title&quot;:&quot;&quot;,&quot;orientation&quot;:&quot;0&quot;}\" data-image-title=\"20160918_143605-1\" data-image-description=\"\" data-medium-file=\"https:\/\/www.buchau.be\/recettes\/wp-content\/uploads\/2016\/09\/20160918_143605-1-300x300.jpg\" data-large-file=\"https:\/\/www.buchau.be\/recettes\/wp-content\/uploads\/2016\/09\/20160918_143605-1.jpg\" src=\"https:\/\/www.buchau.be\/recettes\/wp-content\/uploads\/2016\/09\/20160918_143605-1-300x300.jpg\" width=\"735\" height=\"735\" align=\"left\" title=\"20160918_143605-1\" \/><\/a><\/div><\/div><div class=\"gallery-group images-2\" style=\"width: 426px; height: 739px;\"><div class=\"tiled-gallery-item tiled-gallery-item-medium\"><a href=\"https:\/\/www.buchau.be\/recettes\/wp-content\/uploads\/2016\/09\/20160918_143803-1.jpg\"><img loading=\"lazy\" decoding=\"async\" data-attachment-id=\"555\" data-orig-file=\"https:\/\/www.buchau.be\/recettes\/wp-content\/uploads\/2016\/09\/20160918_143803-1.jpg\" data-orig-size=\"1000,1000\" data-comments-opened=\"1\" data-image-meta=\"{&quot;aperture&quot;:&quot;2.2&quot;,&quot;credit&quot;:&quot;&quot;,&quot;camera&quot;:&quot;GT-I9505&quot;,&quot;caption&quot;:&quot;&quot;,&quot;created_timestamp&quot;:&quot;0&quot;,&quot;copyright&quot;:&quot;&quot;,&quot;focal_length&quot;:&quot;4.2&quot;,&quot;iso&quot;:&quot;50&quot;,&quot;shutter_speed&quot;:&quot;0.0076923076923077&quot;,&quot;title&quot;:&quot;&quot;,&quot;orientation&quot;:&quot;0&quot;}\" data-image-title=\"20160918_143803-1\" data-image-description=\"\" data-medium-file=\"https:\/\/www.buchau.be\/recettes\/wp-content\/uploads\/2016\/09\/20160918_143803-1-300x300.jpg\" data-large-file=\"https:\/\/www.buchau.be\/recettes\/wp-content\/uploads\/2016\/09\/20160918_143803-1.jpg\" src=\"https:\/\/www.buchau.be\/recettes\/wp-content\/uploads\/2016\/09\/20160918_143803-1-300x300.jpg\" width=\"422\" height=\"421\" align=\"left\" title=\"20160918_143803-1\" \/><\/a><\/div><div class=\"tiled-gallery-item tiled-gallery-item-medium\"><a href=\"https:\/\/www.buchau.be\/recettes\/wp-content\/uploads\/2016\/09\/20160918_143908-1.jpg\"><img loading=\"lazy\" decoding=\"async\" data-attachment-id=\"538\" data-orig-file=\"https:\/\/www.buchau.be\/recettes\/wp-content\/uploads\/2016\/09\/20160918_143908-1.jpg\" data-orig-size=\"1000,735\" data-comments-opened=\"1\" data-image-meta=\"{&quot;aperture&quot;:&quot;2.2&quot;,&quot;credit&quot;:&quot;&quot;,&quot;camera&quot;:&quot;GT-I9505&quot;,&quot;caption&quot;:&quot;&quot;,&quot;created_timestamp&quot;:&quot;0&quot;,&quot;copyright&quot;:&quot;&quot;,&quot;focal_length&quot;:&quot;4.2&quot;,&quot;iso&quot;:&quot;50&quot;,&quot;shutter_speed&quot;:&quot;0.0058479532163743&quot;,&quot;title&quot;:&quot;&quot;,&quot;orientation&quot;:&quot;0&quot;}\" data-image-title=\"20160918_143908-1\" data-image-description=\"\" data-medium-file=\"https:\/\/www.buchau.be\/recettes\/wp-content\/uploads\/2016\/09\/20160918_143908-1-300x221.jpg\" data-large-file=\"https:\/\/www.buchau.be\/recettes\/wp-content\/uploads\/2016\/09\/20160918_143908-1.jpg\" src=\"https:\/\/www.buchau.be\/recettes\/wp-content\/uploads\/2016\/09\/20160918_143908-1-300x221.jpg\" width=\"422\" height=\"310\" align=\"left\" title=\"20160918_143908-1\" \/><\/a><\/div><\/div><\/div><div class=\"gallery-row\" style=\"width: 1165px; height: 362px;\"><div class=\"gallery-group images-1\" style=\"width: 366px; height: 366px;\"><div class=\"tiled-gallery-item tiled-gallery-item-medium\"><a href=\"https:\/\/www.buchau.be\/recettes\/wp-content\/uploads\/2016\/09\/20160918_143932-1.jpg\"><img loading=\"lazy\" decoding=\"async\" data-attachment-id=\"539\" data-orig-file=\"https:\/\/www.buchau.be\/recettes\/wp-content\/uploads\/2016\/09\/20160918_143932-1.jpg\" data-orig-size=\"1000,1000\" data-comments-opened=\"1\" data-image-meta=\"{&quot;aperture&quot;:&quot;2.2&quot;,&quot;credit&quot;:&quot;&quot;,&quot;camera&quot;:&quot;GT-I9505&quot;,&quot;caption&quot;:&quot;&quot;,&quot;created_timestamp&quot;:&quot;0&quot;,&quot;copyright&quot;:&quot;&quot;,&quot;focal_length&quot;:&quot;4.2&quot;,&quot;iso&quot;:&quot;50&quot;,&quot;shutter_speed&quot;:&quot;0.006993006993007&quot;,&quot;title&quot;:&quot;&quot;,&quot;orientation&quot;:&quot;0&quot;}\" data-image-title=\"20160918_143932-1\" data-image-description=\"\" data-medium-file=\"https:\/\/www.buchau.be\/recettes\/wp-content\/uploads\/2016\/09\/20160918_143932-1-300x300.jpg\" data-large-file=\"https:\/\/www.buchau.be\/recettes\/wp-content\/uploads\/2016\/09\/20160918_143932-1.jpg\" src=\"https:\/\/www.buchau.be\/recettes\/wp-content\/uploads\/2016\/09\/20160918_143932-1-300x300.jpg\" width=\"362\" height=\"362\" align=\"left\" title=\"20160918_143932-1\" \/><\/a><\/div><\/div><div class=\"gallery-group images-1\" style=\"width: 280px; height: 366px;\"><div class=\"tiled-gallery-item tiled-gallery-item-medium\"><a href=\"https:\/\/www.buchau.be\/recettes\/wp-content\/uploads\/2016\/09\/20160918_144521-1.jpg\"><img loading=\"lazy\" decoding=\"async\" data-attachment-id=\"541\" data-orig-file=\"https:\/\/www.buchau.be\/recettes\/wp-content\/uploads\/2016\/09\/20160918_144521-1.jpg\" data-orig-size=\"764,1000\" data-comments-opened=\"1\" data-image-meta=\"{&quot;aperture&quot;:&quot;2.2&quot;,&quot;credit&quot;:&quot;&quot;,&quot;camera&quot;:&quot;GT-I9505&quot;,&quot;caption&quot;:&quot;&quot;,&quot;created_timestamp&quot;:&quot;0&quot;,&quot;copyright&quot;:&quot;&quot;,&quot;focal_length&quot;:&quot;4.2&quot;,&quot;iso&quot;:&quot;50&quot;,&quot;shutter_speed&quot;:&quot;0.0055865921787709&quot;,&quot;title&quot;:&quot;&quot;,&quot;orientation&quot;:&quot;0&quot;}\" data-image-title=\"20160918_144521-1\" data-image-description=\"\" data-medium-file=\"https:\/\/www.buchau.be\/recettes\/wp-content\/uploads\/2016\/09\/20160918_144521-1-229x300.jpg\" data-large-file=\"https:\/\/www.buchau.be\/recettes\/wp-content\/uploads\/2016\/09\/20160918_144521-1.jpg\" src=\"https:\/\/www.buchau.be\/recettes\/wp-content\/uploads\/2016\/09\/20160918_144521-1-229x300.jpg\" width=\"276\" height=\"362\" align=\"left\" title=\"20160918_144521-1\" \/><\/a><\/div><\/div><div class=\"gallery-group images-1\" style=\"width: 519px; height: 366px;\"><div class=\"tiled-gallery-item tiled-gallery-item-medium\"><a href=\"https:\/\/www.buchau.be\/recettes\/wp-content\/uploads\/2016\/09\/20160918_144746-1.jpg\"><img loading=\"lazy\" decoding=\"async\" data-attachment-id=\"542\" data-orig-file=\"https:\/\/www.buchau.be\/recettes\/wp-content\/uploads\/2016\/09\/20160918_144746-1.jpg\" data-orig-size=\"1000,703\" data-comments-opened=\"1\" data-image-meta=\"{&quot;aperture&quot;:&quot;2.2&quot;,&quot;credit&quot;:&quot;&quot;,&quot;camera&quot;:&quot;GT-I9505&quot;,&quot;caption&quot;:&quot;&quot;,&quot;created_timestamp&quot;:&quot;0&quot;,&quot;copyright&quot;:&quot;&quot;,&quot;focal_length&quot;:&quot;4.2&quot;,&quot;iso&quot;:&quot;50&quot;,&quot;shutter_speed&quot;:&quot;0.0073529411764706&quot;,&quot;title&quot;:&quot;&quot;,&quot;orientation&quot;:&quot;0&quot;}\" data-image-title=\"20160918_144746-1\" data-image-description=\"\" data-medium-file=\"https:\/\/www.buchau.be\/recettes\/wp-content\/uploads\/2016\/09\/20160918_144746-1-300x211.jpg\" data-large-file=\"https:\/\/www.buchau.be\/recettes\/wp-content\/uploads\/2016\/09\/20160918_144746-1.jpg\" src=\"https:\/\/www.buchau.be\/recettes\/wp-content\/uploads\/2016\/09\/20160918_144746-1-300x211.jpg\" width=\"515\" height=\"362\" align=\"left\" title=\"20160918_144746-1\" \/><\/a><\/div><\/div><\/div><\/div>\n<p>Dans une petite casserole, faire revenir l&rsquo;oignon et ajouter les ingr\u00e9dients de la sauce lapin<\/p>\n<div data-carousel-extra='{\"blog_id\":1,\"permalink\":\"https:\\\/\\\/www.buchau.be\\\/recettes\\\/2016\\\/09\\\/18\\\/boulettes-sauce-lapin\\\/\"}' class=\"tiled-gallery type-rectangular\" data-original-width=\"1170\"><div class=\"gallery-row\" style=\"width: 1165px; height: 724px;\"><div class=\"gallery-group images-1\" style=\"width: 728px; height: 728px;\"><div class=\"tiled-gallery-item tiled-gallery-item-medium\"><a href=\"https:\/\/www.buchau.be\/recettes\/wp-content\/uploads\/2016\/09\/20160918_144440-1.jpg\"><img loading=\"lazy\" decoding=\"async\" data-attachment-id=\"540\" data-orig-file=\"https:\/\/www.buchau.be\/recettes\/wp-content\/uploads\/2016\/09\/20160918_144440-1.jpg\" data-orig-size=\"1000,1000\" data-comments-opened=\"1\" data-image-meta=\"{&quot;aperture&quot;:&quot;2.2&quot;,&quot;credit&quot;:&quot;&quot;,&quot;camera&quot;:&quot;GT-I9505&quot;,&quot;caption&quot;:&quot;&quot;,&quot;created_timestamp&quot;:&quot;0&quot;,&quot;copyright&quot;:&quot;&quot;,&quot;focal_length&quot;:&quot;4.2&quot;,&quot;iso&quot;:&quot;100&quot;,&quot;shutter_speed&quot;:&quot;0.01&quot;,&quot;title&quot;:&quot;&quot;,&quot;orientation&quot;:&quot;0&quot;}\" data-image-title=\"20160918_144440-1\" data-image-description=\"\" data-medium-file=\"https:\/\/www.buchau.be\/recettes\/wp-content\/uploads\/2016\/09\/20160918_144440-1-300x300.jpg\" data-large-file=\"https:\/\/www.buchau.be\/recettes\/wp-content\/uploads\/2016\/09\/20160918_144440-1.jpg\" src=\"https:\/\/www.buchau.be\/recettes\/wp-content\/uploads\/2016\/09\/20160918_144440-1-300x300.jpg\" width=\"724\" height=\"724\" align=\"left\" title=\"20160918_144440-1\" \/><\/a><\/div><\/div><div class=\"gallery-group images-2\" style=\"width: 437px; height: 728px;\"><div class=\"tiled-gallery-item tiled-gallery-item-medium\"><a href=\"https:\/\/www.buchau.be\/recettes\/wp-content\/uploads\/2016\/09\/20160918_144847-1.jpg\"><img loading=\"lazy\" decoding=\"async\" data-attachment-id=\"543\" data-orig-file=\"https:\/\/www.buchau.be\/recettes\/wp-content\/uploads\/2016\/09\/20160918_144847-1.jpg\" data-orig-size=\"1000,1000\" data-comments-opened=\"1\" data-image-meta=\"{&quot;aperture&quot;:&quot;2.2&quot;,&quot;credit&quot;:&quot;&quot;,&quot;camera&quot;:&quot;GT-I9505&quot;,&quot;caption&quot;:&quot;&quot;,&quot;created_timestamp&quot;:&quot;0&quot;,&quot;copyright&quot;:&quot;&quot;,&quot;focal_length&quot;:&quot;4.2&quot;,&quot;iso&quot;:&quot;80&quot;,&quot;shutter_speed&quot;:&quot;0.03030303030303&quot;,&quot;title&quot;:&quot;&quot;,&quot;orientation&quot;:&quot;0&quot;}\" data-image-title=\"20160918_144847-1\" data-image-description=\"\" data-medium-file=\"https:\/\/www.buchau.be\/recettes\/wp-content\/uploads\/2016\/09\/20160918_144847-1-300x300.jpg\" data-large-file=\"https:\/\/www.buchau.be\/recettes\/wp-content\/uploads\/2016\/09\/20160918_144847-1.jpg\" src=\"https:\/\/www.buchau.be\/recettes\/wp-content\/uploads\/2016\/09\/20160918_144847-1-300x300.jpg\" width=\"433\" height=\"434\" align=\"left\" title=\"20160918_144847-1\" \/><\/a><\/div><div class=\"tiled-gallery-item tiled-gallery-item-medium\"><a href=\"https:\/\/www.buchau.be\/recettes\/wp-content\/uploads\/2016\/09\/20160918_144935-1.jpg\"><img loading=\"lazy\" decoding=\"async\" data-attachment-id=\"544\" data-orig-file=\"https:\/\/www.buchau.be\/recettes\/wp-content\/uploads\/2016\/09\/20160918_144935-1.jpg\" data-orig-size=\"1000,660\" data-comments-opened=\"1\" data-image-meta=\"{&quot;aperture&quot;:&quot;2.2&quot;,&quot;credit&quot;:&quot;&quot;,&quot;camera&quot;:&quot;GT-I9505&quot;,&quot;caption&quot;:&quot;&quot;,&quot;created_timestamp&quot;:&quot;0&quot;,&quot;copyright&quot;:&quot;&quot;,&quot;focal_length&quot;:&quot;4.2&quot;,&quot;iso&quot;:&quot;125&quot;,&quot;shutter_speed&quot;:&quot;0.03030303030303&quot;,&quot;title&quot;:&quot;&quot;,&quot;orientation&quot;:&quot;0&quot;}\" data-image-title=\"20160918_144935-1\" data-image-description=\"\" data-medium-file=\"https:\/\/www.buchau.be\/recettes\/wp-content\/uploads\/2016\/09\/20160918_144935-1-300x198.jpg\" data-large-file=\"https:\/\/www.buchau.be\/recettes\/wp-content\/uploads\/2016\/09\/20160918_144935-1.jpg\" src=\"https:\/\/www.buchau.be\/recettes\/wp-content\/uploads\/2016\/09\/20160918_144935-1-300x198.jpg\" width=\"433\" height=\"286\" align=\"left\" title=\"20160918_144935-1\" \/><\/a><\/div><\/div><\/div><div class=\"gallery-row\" style=\"width: 1165px; height: 836px;\"><div class=\"gallery-group images-1\" style=\"width: 1165px; height: 840px;\"><div class=\"tiled-gallery-item tiled-gallery-item-medium\"><a href=\"https:\/\/www.buchau.be\/recettes\/wp-content\/uploads\/2016\/09\/20160918_145019-1.jpg\"><img loading=\"lazy\" decoding=\"async\" data-attachment-id=\"545\" data-orig-file=\"https:\/\/www.buchau.be\/recettes\/wp-content\/uploads\/2016\/09\/20160918_145019-1.jpg\" data-orig-size=\"1000,720\" data-comments-opened=\"1\" data-image-meta=\"{&quot;aperture&quot;:&quot;2.2&quot;,&quot;credit&quot;:&quot;&quot;,&quot;camera&quot;:&quot;GT-I9505&quot;,&quot;caption&quot;:&quot;&quot;,&quot;created_timestamp&quot;:&quot;0&quot;,&quot;copyright&quot;:&quot;&quot;,&quot;focal_length&quot;:&quot;4.2&quot;,&quot;iso&quot;:&quot;100&quot;,&quot;shutter_speed&quot;:&quot;0.04&quot;,&quot;title&quot;:&quot;&quot;,&quot;orientation&quot;:&quot;0&quot;}\" data-image-title=\"20160918_145019-1\" data-image-description=\"\" data-medium-file=\"https:\/\/www.buchau.be\/recettes\/wp-content\/uploads\/2016\/09\/20160918_145019-1-300x216.jpg\" data-large-file=\"https:\/\/www.buchau.be\/recettes\/wp-content\/uploads\/2016\/09\/20160918_145019-1.jpg\" src=\"https:\/\/www.buchau.be\/recettes\/wp-content\/uploads\/2016\/09\/20160918_145019-1-300x216.jpg\" width=\"1161\" height=\"836\" align=\"left\" title=\"20160918_145019-1\" \/><\/a><\/div><\/div><\/div><\/div>\n<p>Dans un wok ou une sauteuse, faire brunir les boulettes de tous les c\u00f4t\u00e9s dans l&rsquo;huile d&rsquo;olive puis ajouter la sauce et laisser mijoter avec un couvercle pour que la sauce de n&rsquo;\u00e9vapore pas.<\/p>\n<div data-carousel-extra='{\"blog_id\":1,\"permalink\":\"https:\\\/\\\/www.buchau.be\\\/recettes\\\/2016\\\/09\\\/18\\\/boulettes-sauce-lapin\\\/\"}' class=\"tiled-gallery type-rectangular\" data-original-width=\"1170\"><div class=\"gallery-row\" style=\"width: 1165px; height: 241px;\"><div class=\"gallery-group images-1\" style=\"width: 434px; height: 245px;\"><div class=\"tiled-gallery-item tiled-gallery-item-medium\"><a href=\"https:\/\/www.buchau.be\/recettes\/wp-content\/uploads\/2016\/09\/20160918_145221.jpg\"><img loading=\"lazy\" decoding=\"async\" data-attachment-id=\"546\" data-orig-file=\"https:\/\/www.buchau.be\/recettes\/wp-content\/uploads\/2016\/09\/20160918_145221.jpg\" data-orig-size=\"1000,562\" data-comments-opened=\"1\" data-image-meta=\"{&quot;aperture&quot;:&quot;2.2&quot;,&quot;credit&quot;:&quot;&quot;,&quot;camera&quot;:&quot;GT-I9505&quot;,&quot;caption&quot;:&quot;&quot;,&quot;created_timestamp&quot;:&quot;1474210341&quot;,&quot;copyright&quot;:&quot;&quot;,&quot;focal_length&quot;:&quot;4.2&quot;,&quot;iso&quot;:&quot;100&quot;,&quot;shutter_speed&quot;:&quot;0.03030303030303&quot;,&quot;title&quot;:&quot;&quot;,&quot;orientation&quot;:&quot;1&quot;}\" data-image-title=\"20160918_145221\" data-image-description=\"\" data-medium-file=\"https:\/\/www.buchau.be\/recettes\/wp-content\/uploads\/2016\/09\/20160918_145221-300x169.jpg\" data-large-file=\"https:\/\/www.buchau.be\/recettes\/wp-content\/uploads\/2016\/09\/20160918_145221.jpg\" src=\"https:\/\/www.buchau.be\/recettes\/wp-content\/uploads\/2016\/09\/20160918_145221-300x169.jpg\" width=\"430\" height=\"241\" align=\"left\" title=\"20160918_145221\" \/><\/a><\/div><\/div><div class=\"gallery-group images-1\" style=\"width: 486px; height: 245px;\"><div class=\"tiled-gallery-item tiled-gallery-item-medium\"><a href=\"https:\/\/www.buchau.be\/recettes\/wp-content\/uploads\/2016\/09\/20160918_145421-1.jpg\"><img loading=\"lazy\" decoding=\"async\" data-attachment-id=\"547\" data-orig-file=\"https:\/\/www.buchau.be\/recettes\/wp-content\/uploads\/2016\/09\/20160918_145421-1.jpg\" data-orig-size=\"1000,501\" data-comments-opened=\"1\" data-image-meta=\"{&quot;aperture&quot;:&quot;2.2&quot;,&quot;credit&quot;:&quot;&quot;,&quot;camera&quot;:&quot;GT-I9505&quot;,&quot;caption&quot;:&quot;&quot;,&quot;created_timestamp&quot;:&quot;0&quot;,&quot;copyright&quot;:&quot;&quot;,&quot;focal_length&quot;:&quot;4.2&quot;,&quot;iso&quot;:&quot;100&quot;,&quot;shutter_speed&quot;:&quot;0.03030303030303&quot;,&quot;title&quot;:&quot;&quot;,&quot;orientation&quot;:&quot;0&quot;}\" data-image-title=\"20160918_145421-1\" data-image-description=\"\" data-medium-file=\"https:\/\/www.buchau.be\/recettes\/wp-content\/uploads\/2016\/09\/20160918_145421-1-300x150.jpg\" data-large-file=\"https:\/\/www.buchau.be\/recettes\/wp-content\/uploads\/2016\/09\/20160918_145421-1.jpg\" src=\"https:\/\/www.buchau.be\/recettes\/wp-content\/uploads\/2016\/09\/20160918_145421-1-300x150.jpg\" width=\"482\" height=\"241\" align=\"left\" title=\"20160918_145421-1\" \/><\/a><\/div><\/div><div class=\"gallery-group images-1\" style=\"width: 245px; height: 245px;\"><div class=\"tiled-gallery-item tiled-gallery-item-medium\"><a href=\"https:\/\/www.buchau.be\/recettes\/wp-content\/uploads\/2016\/09\/20160918_145816-1.jpg\"><img loading=\"lazy\" decoding=\"async\" data-attachment-id=\"548\" data-orig-file=\"https:\/\/www.buchau.be\/recettes\/wp-content\/uploads\/2016\/09\/20160918_145816-1.jpg\" data-orig-size=\"1000,1000\" data-comments-opened=\"1\" data-image-meta=\"{&quot;aperture&quot;:&quot;2.2&quot;,&quot;credit&quot;:&quot;&quot;,&quot;camera&quot;:&quot;GT-I9505&quot;,&quot;caption&quot;:&quot;&quot;,&quot;created_timestamp&quot;:&quot;0&quot;,&quot;copyright&quot;:&quot;&quot;,&quot;focal_length&quot;:&quot;4.2&quot;,&quot;iso&quot;:&quot;100&quot;,&quot;shutter_speed&quot;:&quot;0.04&quot;,&quot;title&quot;:&quot;&quot;,&quot;orientation&quot;:&quot;0&quot;}\" data-image-title=\"20160918_145816-1\" data-image-description=\"\" data-medium-file=\"https:\/\/www.buchau.be\/recettes\/wp-content\/uploads\/2016\/09\/20160918_145816-1-300x300.jpg\" data-large-file=\"https:\/\/www.buchau.be\/recettes\/wp-content\/uploads\/2016\/09\/20160918_145816-1.jpg\" src=\"https:\/\/www.buchau.be\/recettes\/wp-content\/uploads\/2016\/09\/20160918_145816-1-300x300.jpg\" width=\"241\" height=\"241\" align=\"left\" title=\"20160918_145816-1\" \/><\/a><\/div><\/div><\/div><div class=\"gallery-row\" style=\"width: 1165px; height: 1034px;\"><div class=\"gallery-group images-1\" style=\"width: 1165px; height: 1038px;\"><div class=\"tiled-gallery-item tiled-gallery-item-medium\"><a href=\"https:\/\/www.buchau.be\/recettes\/wp-content\/uploads\/2016\/09\/20160918_150028-1.jpg\"><img loading=\"lazy\" decoding=\"async\" data-attachment-id=\"549\" data-orig-file=\"https:\/\/www.buchau.be\/recettes\/wp-content\/uploads\/2016\/09\/20160918_150028-1.jpg\" data-orig-size=\"1000,891\" data-comments-opened=\"1\" data-image-meta=\"{&quot;aperture&quot;:&quot;2.2&quot;,&quot;credit&quot;:&quot;&quot;,&quot;camera&quot;:&quot;GT-I9505&quot;,&quot;caption&quot;:&quot;&quot;,&quot;created_timestamp&quot;:&quot;0&quot;,&quot;copyright&quot;:&quot;&quot;,&quot;focal_length&quot;:&quot;4.2&quot;,&quot;iso&quot;:&quot;80&quot;,&quot;shutter_speed&quot;:&quot;0.03030303030303&quot;,&quot;title&quot;:&quot;&quot;,&quot;orientation&quot;:&quot;0&quot;}\" data-image-title=\"20160918_150028-1\" data-image-description=\"\" data-medium-file=\"https:\/\/www.buchau.be\/recettes\/wp-content\/uploads\/2016\/09\/20160918_150028-1-300x267.jpg\" data-large-file=\"https:\/\/www.buchau.be\/recettes\/wp-content\/uploads\/2016\/09\/20160918_150028-1.jpg\" src=\"https:\/\/www.buchau.be\/recettes\/wp-content\/uploads\/2016\/09\/20160918_150028-1-300x267.jpg\" width=\"1161\" height=\"1034\" align=\"left\" title=\"20160918_150028-1\" \/><\/a><\/div><\/div><\/div><\/div>\n<p>C&rsquo;est le moment de mettre vos frites en route. D\u00e8s que les frites sont pr\u00eates, vous pouvez servir !<\/p>\n<div data-carousel-extra='{\"blog_id\":1,\"permalink\":\"https:\\\/\\\/www.buchau.be\\\/recettes\\\/2016\\\/09\\\/18\\\/boulettes-sauce-lapin\\\/\"}' class=\"tiled-gallery type-rectangular\" data-original-width=\"1170\"><div class=\"gallery-row\" style=\"width: 1165px; height: 496px;\"><div class=\"gallery-group images-1\" style=\"width: 567px; height: 500px;\"><div class=\"tiled-gallery-item tiled-gallery-item-medium\"><a href=\"https:\/\/www.buchau.be\/recettes\/wp-content\/uploads\/2016\/09\/20160918_150517-1.jpg\"><img loading=\"lazy\" decoding=\"async\" data-attachment-id=\"550\" data-orig-file=\"https:\/\/www.buchau.be\/recettes\/wp-content\/uploads\/2016\/09\/20160918_150517-1.jpg\" data-orig-size=\"1000,880\" data-comments-opened=\"1\" data-image-meta=\"{&quot;aperture&quot;:&quot;2.2&quot;,&quot;credit&quot;:&quot;&quot;,&quot;camera&quot;:&quot;GT-I9505&quot;,&quot;caption&quot;:&quot;&quot;,&quot;created_timestamp&quot;:&quot;0&quot;,&quot;copyright&quot;:&quot;&quot;,&quot;focal_length&quot;:&quot;4.2&quot;,&quot;iso&quot;:&quot;100&quot;,&quot;shutter_speed&quot;:&quot;0.03030303030303&quot;,&quot;title&quot;:&quot;&quot;,&quot;orientation&quot;:&quot;0&quot;}\" data-image-title=\"20160918_150517-1\" data-image-description=\"\" data-medium-file=\"https:\/\/www.buchau.be\/recettes\/wp-content\/uploads\/2016\/09\/20160918_150517-1-300x264.jpg\" data-large-file=\"https:\/\/www.buchau.be\/recettes\/wp-content\/uploads\/2016\/09\/20160918_150517-1.jpg\" src=\"https:\/\/www.buchau.be\/recettes\/wp-content\/uploads\/2016\/09\/20160918_150517-1-300x264.jpg\" width=\"563\" height=\"496\" align=\"left\" title=\"20160918_150517-1\" \/><\/a><\/div><\/div><div class=\"gallery-group images-1\" style=\"width: 598px; height: 500px;\"><div class=\"tiled-gallery-item tiled-gallery-item-medium\"><a href=\"https:\/\/www.buchau.be\/recettes\/wp-content\/uploads\/2016\/09\/20160918_151513-1.jpg\"><img loading=\"lazy\" decoding=\"async\" data-attachment-id=\"551\" data-orig-file=\"https:\/\/www.buchau.be\/recettes\/wp-content\/uploads\/2016\/09\/20160918_151513-1.jpg\" data-orig-size=\"1000,835\" data-comments-opened=\"1\" data-image-meta=\"{&quot;aperture&quot;:&quot;2.2&quot;,&quot;credit&quot;:&quot;&quot;,&quot;camera&quot;:&quot;GT-I9505&quot;,&quot;caption&quot;:&quot;&quot;,&quot;created_timestamp&quot;:&quot;0&quot;,&quot;copyright&quot;:&quot;&quot;,&quot;focal_length&quot;:&quot;4.2&quot;,&quot;iso&quot;:&quot;50&quot;,&quot;shutter_speed&quot;:&quot;0.0029154518950437&quot;,&quot;title&quot;:&quot;&quot;,&quot;orientation&quot;:&quot;0&quot;}\" data-image-title=\"20160918_151513-1\" data-image-description=\"\" data-medium-file=\"https:\/\/www.buchau.be\/recettes\/wp-content\/uploads\/2016\/09\/20160918_151513-1-300x251.jpg\" data-large-file=\"https:\/\/www.buchau.be\/recettes\/wp-content\/uploads\/2016\/09\/20160918_151513-1.jpg\" src=\"https:\/\/www.buchau.be\/recettes\/wp-content\/uploads\/2016\/09\/20160918_151513-1-300x251.jpg\" width=\"594\" height=\"496\" align=\"left\" title=\"20160918_151513-1\" \/><\/a><\/div><\/div><\/div><\/div>\n","protected":false},"excerpt":{"rendered":"<p>Dur\u00e9e : 35 minutes Niveau : facile Quand j&rsquo;\u00e9tais petite, maman nous demandait souvent ce qu&rsquo;on voulait manger. Quand on r\u00e9pondait : \u00ab\u00a0Des boulettes !\u00a0\u00bb, elle nous disait invariablement : \u00ab\u00a0D&rsquo;accord, vous aurez des boulettes la semaine prochaine. Cette semaine ce sera des carbonnades.\u00a0\u00bb Les carbonnades n&rsquo;ont jamais \u00e9t\u00e9 mon plat favori, mais cela voulait<a class=\"read-more \" href=\"https:\/\/www.buchau.be\/recettes\/2016\/09\/18\/boulettes-sauce-lapin\/\" title=\"Read More\"> <span class=\"button default\">Read More<\/span><\/a><\/p>\n","protected":false},"author":1,"featured_media":552,"comment_status":"open","ping_status":"open","sticky":false,"template":"","format":"standard","meta":{"footnotes":""},"categories":[12],"tags":[],"class_list":["post-537","post","type-post","status-publish","format-standard","has-post-thumbnail","hentry","category-viande"],"_links":{"self":[{"href":"https:\/\/www.buchau.be\/recettes\/wp-json\/wp\/v2\/posts\/537","targetHints":{"allow":["GET"]}}],"collection":[{"href":"https:\/\/www.buchau.be\/recettes\/wp-json\/wp\/v2\/posts"}],"about":[{"href":"https:\/\/www.buchau.be\/recettes\/wp-json\/wp\/v2\/types\/post"}],"author":[{"embeddable":true,"href":"https:\/\/www.buchau.be\/recettes\/wp-json\/wp\/v2\/users\/1"}],"replies":[{"embeddable":true,"href":"https:\/\/www.buchau.be\/recettes\/wp-json\/wp\/v2\/comments?post=537"}],"version-history":[{"count":5,"href":"https:\/\/www.buchau.be\/recettes\/wp-json\/wp\/v2\/posts\/537\/revisions"}],"predecessor-version":[{"id":560,"href":"https:\/\/www.buchau.be\/recettes\/wp-json\/wp\/v2\/posts\/537\/revisions\/560"}],"wp:featuredmedia":[{"embeddable":true,"href":"https:\/\/www.buchau.be\/recettes\/wp-json\/wp\/v2\/media\/552"}],"wp:attachment":[{"href":"https:\/\/www.buchau.be\/recettes\/wp-json\/wp\/v2\/media?parent=537"}],"wp:term":[{"taxonomy":"category","embeddable":true,"href":"https:\/\/www.buchau.be\/recettes\/wp-json\/wp\/v2\/categories?post=537"},{"taxonomy":"post_tag","embeddable":true,"href":"https:\/\/www.buchau.be\/recettes\/wp-json\/wp\/v2\/tags?post=537"}],"curies":[{"name":"wp","href":"https:\/\/api.w.org\/{rel}","templated":true}]}}